{"id":14405,"date":"2025-11-24T12:01:07","date_gmt":"2025-11-24T12:01:07","guid":{"rendered":"https:\/\/informacionlocal.es\/un-gladiador-en-antigua-juan-carlos-gutierrez-alonso\/"},"modified":"2025-11-24T12:01:07","modified_gmt":"2025-11-24T12:01:07","slug":"un-gladiador-en-antigua-juan-carlos-gutierrez-alonso","status":"publish","type":"post","link":"https:\/\/informacionlocal.es\/de\/un-gladiador-en-antigua-juan-carlos-gutierrez-alonso\/","title":{"rendered":"Un gladiador en Antigua, Juan Carlos Guti\u00e9rrez Alonso"},"content":{"rendered":"<div class=\"elementor-widget-container\">\n<p><strong>Un gladiador en Antigua, Juan Carlos Guti\u00e9rrez Alonso<\/strong><br \/><strong>La Sensaci\u00f3n, Subcampe\u00f3n Nacional Ib\u00e9rico de Iska<\/strong><\/p>\n<p><strong>\u2022 El campe\u00f3n mundial XFC en su peso, Juan Carlos Guti\u00e9rrez Alonso, logra proclamarse este fin de semana Subcampe\u00f3n Nacional Ib\u00e9rico ISKA 2025.<\/strong><\/p>\n<p>Juan Carlos Guti\u00e9rrez Alonso, La Sensaci\u00f3n de Antigua, logra ser referente internacional y tambi\u00e9n nacional en la lucha libre, afirma el alcalde, Mat\u00edas, Pe\u00f1a, tras proclamarse Campe\u00f3n del Mundo en el XFC, logra este fin de semana ser Sub Campe\u00f3n Nacional Ib\u00e9rico ISKA 2025, en una competici\u00f3n con cerca de mil luchadores inscritos, 16 en su peso, celebr\u00e1ndose los combates sobre ring en el mismo d\u00eda desde las once de la ma\u00f1ana a las once de la noche que se celebr\u00f3 la final.<\/p>\n<p>Impresionante y veloz trayectoria la que esta tomando este gladiador de lucha libre, Juan Carlos Guti\u00e9rrez Alonso del Club AFC de Antigua, dirigido por el tambi\u00e9n campe\u00f3n internacional Luis Aday Borges Hern\u00e1ndez, se\u00f1ala el concejal de Deportes, Samuel Torres, sin duda tenemos un gladiador en Antigua de tan s\u00f3lo 20 a\u00f1os, que no duda en subirse al ring para enfrentarse al mundo.<\/p>\n<p>S\u00f3lo puedo decirle, afirma Borges Hern\u00e1ndez, lo orgulloso que estoy de \u00e9l, que tras haberse preparado durante tres meses y ganado, el campamento mundial XFC, con entrenamiento, dietas, d\u00edas y horas sin estar con su familia, logra dos semanas despu\u00e9s proclamarse Subcampe\u00f3n Nacional Ib\u00e9rico de ISKA.<\/p>\n<p>\u00a0<\/p>\n<\/div>\n","protected":false},"excerpt":{"rendered":"<p><strong>Un gladiador en Antigua, Juan Carlos Guti\u00e9rrez Alonso<\/strong><\/p>\n","protected":false},"author":1,"featured_media":14407,"comment_status":"open","ping_status":"open","sticky":false,"template":"","format":"standard","meta":{"inline_featured_image":false,"jnews-multi-image_gallery":[],"jnews_single_post":[],"jnews_primary_category":[],"jnews_social_meta":[],"jnews_override_counter":[],"jnews_post_split":[],"footnotes":""},"categories":[59],"tags":[],"class_list":["post-14405","post","type-post","status-publish","format-standard","has-post-thumbnail","hentry","category-antigua"],"jetpack_featured_media_url":"https:\/\/informacionlocal.es\/wp-content\/uploads\/2025\/11\/img-20251124-wa0019.jpg","_links":{"self":[{"href":"https:\/\/informacionlocal.es\/de\/wp-json\/wp\/v2\/posts\/14405","targetHints":{"allow":["GET"]}}],"collection":[{"href":"https:\/\/informacionlocal.es\/de\/wp-json\/wp\/v2\/posts"}],"about":[{"href":"https:\/\/informacionlocal.es\/de\/wp-json\/wp\/v2\/types\/post"}],"author":[{"embeddable":true,"href":"https:\/\/informacionlocal.es\/de\/wp-json\/wp\/v2\/users\/1"}],"replies":[{"embeddable":true,"href":"https:\/\/informacionlocal.es\/de\/wp-json\/wp\/v2\/comments?post=14405"}],"version-history":[{"count":0,"href":"https:\/\/informacionlocal.es\/de\/wp-json\/wp\/v2\/posts\/14405\/revisions"}],"wp:featuredmedia":[{"embeddable":true,"href":"https:\/\/informacionlocal.es\/de\/wp-json\/wp\/v2\/media\/14407"}],"wp:attachment":[{"href":"https:\/\/informacionlocal.es\/de\/wp-json\/wp\/v2\/media?parent=14405"}],"wp:term":[{"taxonomy":"category","embeddable":true,"href":"https:\/\/informacionlocal.es\/de\/wp-json\/wp\/v2\/categories?post=14405"},{"taxonomy":"post_tag","embeddable":true,"href":"https:\/\/informacionlocal.es\/de\/wp-json\/wp\/v2\/tags?post=14405"}],"curies":[{"name":"wp","href":"https:\/\/api.w.org\/{rel}","templated":true}]}}