{"id":14399,"date":"2025-11-24T10:58:56","date_gmt":"2025-11-24T10:58:56","guid":{"rendered":"https:\/\/informacionlocal.es\/el-cabildo-de-fuerteventura-adelanta-la-convocatoria-de-subvenciones-en-materia-de-bienestar-social-de-2026\/"},"modified":"2025-11-24T10:58:56","modified_gmt":"2025-11-24T10:58:56","slug":"el-cabildo-de-fuerteventura-adelanta-la-convocatoria-de-subvenciones-en-materia-de-bienestar-social-de-2026","status":"publish","type":"post","link":"https:\/\/informacionlocal.es\/de\/el-cabildo-de-fuerteventura-adelanta-la-convocatoria-de-subvenciones-en-materia-de-bienestar-social-de-2026\/","title":{"rendered":"El Cabildo de Fuerteventura adelanta la convocatoria de subvenciones en materia de bienestar social de 2026"},"content":{"rendered":"<div class=\"entry-content\"><strong>24 noviembre, 2025<\/strong><\/p>\n<p><em><strong>El plazo se abre hoy, mediante tramitaci\u00f3n anticipada, lo que ha permitido adelantar una convocatoria de ayudas tan importante para el tercer sector<\/strong><\/em><\/p>\n<p>El Cabildo de Fuerteventura, a trav\u00e9s de la<br \/>\nConsejer\u00eda de Acci\u00f3n Social, ha abierto hoy la convocatoria de subvenciones en<br \/>\nmateria de bienestar social, en r\u00e9gimen de concurrencia competitiva, para la<br \/>\nanualidad 2026. De esta manera, la Corporaci\u00f3n adelanta la convocatoria,<br \/>\nmediante tramitaci\u00f3n anticipada, cubriendo as\u00ed una demanda hist\u00f3rica de las<br \/>\nentidades del tercer sector, permitiendo financiar de manera m\u00e1s efectiva sus<br \/>\nnecesidades y proyectos.<\/p>\n<p>La presidenta del Cabildo de Fuerteventura,<br \/>\nLola Garc\u00eda, explica que \u201ces la primera vez que el Cabildo abre la convocatoria<br \/>\ncon tanta antelaci\u00f3n, ofreciendo una mayor cobertura de los proyectos que<br \/>\ndesarrollan las asociaciones y colectivos del sector social en nuestra Isla\u201d. <\/p>\n<p>Seg\u00fan el consejero de Acci\u00f3n Social, V\u00edctor<br \/>\nAlonso, \u201cpor primera vez en la historia de este Cabildo, se adelanta la convocatoria<br \/>\nde unas ayudas que suelen salir entre febrero y marzo, y que son fundamentales para<br \/>\nfomentar la iniciativa social, adem\u00e1s de promover y apoyar actuaciones que<br \/>\nmejoren el bienestar y la calidad de vida de las personas en Fuerteventura\u201d.<\/p>\n<p>En total, se dirigen casi 128.000 euros,<br \/>\nampliables hasta un m\u00e1ximo de 50.000 euros, a entidades sin \u00e1nimo de lucro del<br \/>\ntercer sector con sede o delegaciones en Fuerteventura, para el desarrollo de<br \/>\nactividades relacionadas con los servicios sociales, sociosanitarios y acci\u00f3n<br \/>\nsocial. <\/p>\n<p>De esta manera, dichas entidades podr\u00e1n<br \/>\nrecibir subvenciones de hasta 6.000 euros para proyectos, programas y<br \/>\nactividades en materia de acci\u00f3n social, en \u00e1reas como infancia, mujer,<br \/>\nigualdad, atenci\u00f3n a personas en situaci\u00f3n de riesgo de exclusi\u00f3n social,<br \/>\ndiscapacidad, mejora de la calidad de vida de las personas, entre otras.\u00a0 <\/p>\n<p>La presidenta del Cabildo, Lola Garc\u00eda, ha<br \/>\ndeclarado que \u201cmejorar la atenci\u00f3n de las personas es una l\u00ednea prioritaria de<br \/>\ntrabajo para esta Corporaci\u00f3n insular. Con estas ayudas reconocemos y apoyamos<br \/>\nlas actuaciones fundamentales de solidaridad social que desarrollan los<br \/>\ncolectivos y asociaciones con objeto de mejorar la calidad de vida de las<br \/>\npersonas, grupos y comunidades\u201d.<\/p>\n<p>Las solicitudes deben presentarse a trav\u00e9s de<br \/>\nla sede electr\u00f3nica de la Corporaci\u00f3n insular: https:\/\/sede.cabildofuer.es\/, teniendo como plazo hasta el 15 de diciembre de 2025. <\/p>\n<p>Toda la informaci\u00f3n puede consultarse en: https:\/\/www.cabildofuer.es\/cabildo\/atencion-al-ciudadano\/ayudas-becas-y-subvenciones\/bienestar-social\/2026-2\/<\/p>\n<\/div>\n","protected":false},"excerpt":{"rendered":"<p>24 noviembre, 2025 El plazo se abre hoy, mediante tramitaci\u00f3n anticipada, lo que ha permitido adelantar una convocatoria de ayudas tan importante para el tercer sector El Cabildo de Fuerteventura, [&hellip;]<\/p>\n","protected":false},"author":1,"featured_media":14401,"comment_status":"open","ping_status":"open","sticky":false,"template":"","format":"standard","meta":{"inline_featured_image":false,"jnews-multi-image_gallery":[],"jnews_single_post":[],"jnews_primary_category":[],"jnews_social_meta":[],"jnews_override_counter":[],"jnews_post_split":[],"footnotes":""},"categories":[58],"tags":[82],"class_list":["post-14399","post","type-post","status-publish","format-standard","has-post-thumbnail","hentry","category-cabildo","tag-fuerteventura"],"jetpack_featured_media_url":"https:\/\/informacionlocal.es\/wp-content\/uploads\/2025\/11\/accic3b3n-social-ayudas.jpeg","_links":{"self":[{"href":"https:\/\/informacionlocal.es\/de\/wp-json\/wp\/v2\/posts\/14399","targetHints":{"allow":["GET"]}}],"collection":[{"href":"https:\/\/informacionlocal.es\/de\/wp-json\/wp\/v2\/posts"}],"about":[{"href":"https:\/\/informacionlocal.es\/de\/wp-json\/wp\/v2\/types\/post"}],"author":[{"embeddable":true,"href":"https:\/\/informacionlocal.es\/de\/wp-json\/wp\/v2\/users\/1"}],"replies":[{"embeddable":true,"href":"https:\/\/informacionlocal.es\/de\/wp-json\/wp\/v2\/comments?post=14399"}],"version-history":[{"count":0,"href":"https:\/\/informacionlocal.es\/de\/wp-json\/wp\/v2\/posts\/14399\/revisions"}],"wp:featuredmedia":[{"embeddable":true,"href":"https:\/\/informacionlocal.es\/de\/wp-json\/wp\/v2\/media\/14401"}],"wp:attachment":[{"href":"https:\/\/informacionlocal.es\/de\/wp-json\/wp\/v2\/media?parent=14399"}],"wp:term":[{"taxonomy":"category","embeddable":true,"href":"https:\/\/informacionlocal.es\/de\/wp-json\/wp\/v2\/categories?post=14399"},{"taxonomy":"post_tag","embeddable":true,"href":"https:\/\/informacionlocal.es\/de\/wp-json\/wp\/v2\/tags?post=14399"}],"curies":[{"name":"wp","href":"https:\/\/api.w.org\/{rel}","templated":true}]}}