{"id":14363,"date":"2025-11-21T17:58:40","date_gmt":"2025-11-21T17:58:40","guid":{"rendered":"https:\/\/informacionlocal.es\/fuerteventura-protagonista-continua-con-sus-formaciones-sobre-metodologias-comunitarias-en-los-municipios-de-la-isla\/"},"modified":"2025-11-21T17:58:40","modified_gmt":"2025-11-21T17:58:40","slug":"fuerteventura-protagonista-continua-con-sus-formaciones-sobre-metodologias-comunitarias-en-los-municipios-de-la-isla","status":"publish","type":"post","link":"https:\/\/informacionlocal.es\/de\/fuerteventura-protagonista-continua-con-sus-formaciones-sobre-metodologias-comunitarias-en-los-municipios-de-la-isla\/","title":{"rendered":"\u2018Fuerteventura Protagonista\u2019 contin\u00faa con sus formaciones sobre metodolog\u00edas comunitarias en los municipios de la isla"},"content":{"rendered":"<div class=\"entry-content\"><strong>21 noviembre, 2025<\/strong><\/p>\n<p><strong><em>Estas jornadas<\/em><\/strong><strong><em>\u00a0<\/em><\/strong><strong><em>formativas avanzan en su parte p<\/em><\/strong><strong><em>r<\/em><\/strong><strong><em>\u00e1ctica a trav\u00e9s de la realizaci\u00f3n de paseos comunitarios por Antigua, La Oliva y Puerto del Rosario.<\/em><\/strong><\/p>\n<p>El Cabildo de Fuerteventura, desde la Consejer\u00eda de Acci\u00f3n Social, Diversidad, LGTBIQ+, Participaci\u00f3n Ciudadana y Gobierno Abierto, junto con Fundaci\u00f3n General de la Universidad de La Laguna, avanza\u00a0con\u00a0sus seminarios de metodolog\u00edas comunitarias, dentro del proyecto \u2018Fuerteventura Protagonista\u2019.<\/p>\n<p>Bajo el t\u00edtulo\u00a0\u2018Formaci\u00f3n para la acci\u00f3n: La ciudadan\u00eda en los procesos comunitarios\u2019, esta acci\u00f3n formativa tiene como objetivo impulsar una formaci\u00f3n integral que permita comprender el papel de la ciudadan\u00eda en la construcci\u00f3n de lo comunitario, incorporando enfoques te\u00f3ricos y herramientas pr\u00e1cticas para el dise\u00f1o, acompa\u00f1amiento y fortalecimiento de procesos participativos con impacto social. Tras una serie de sesiones te\u00f3ricas, se impartir\u00e1 ahora la parte pr\u00e1ctica,\u00a0a trav\u00e9s de paseos comunitarios para desarrollar las habilidades adquiridas.<\/p>\n<p>La primera jornada aplicada,\u00a0tendr\u00e1 lugar el 25 de noviembre con un paseo por el casco del pueblo de Antigua. El punto de inicio del recorrido ser\u00e1 en el Centro municipal de Juventud, de 17.00 a 19.00 horas. Este primer paseo, se complementar\u00e1 con un segundo el 4 de diciembre en la misma ubicaci\u00f3n y dentro del mismo horario.<\/p>\n<p>En el municipio de La Oliva, se celebrar\u00e1 los d\u00edas 27 de noviembre y 9 de diciembre, de 17.00 a 19.00 horas, y el punto de inicio ser\u00e1 tambi\u00e9n en el\u00a0Centro municipal de Juventud.<\/p>\n<p>En el caso de Puerto del Rosario, ser\u00e1 el 2 y el 11 de diciembre, de 17.00 a 19.00 horas, y el inicio del recorrido comenzar\u00e1 en la Residencia militar.<\/p>\n<p>Las personas interesadas pueden inscribirse en\u00a0el\u00a0siguiente formulario\u00a0https:\/\/forms.gle\/rVRdJfBYaoZVogDQ6.<\/p>\n<p>El consejero insular, V\u00edctor Alonso, destaca el valor de las capacitaciones en\u00a0el\u00a0marco del proyecto \u2018Fuerteventura Protagonista\u2019, que busca fomentar la participaci\u00f3n ciudadana en el desarrollo integral de la Isla. Toda la informaci\u00f3nn\u00a0sobre la formaci\u00f3n puede consultar en puede consultarse en\u00a0https:\/\/fuerteventuraprotagonista.com\/semeco-formacion-para-la-accion-la-ciudadania-en-los-procesos-comunitarios\/<\/p>\n<\/div>\n","protected":false},"excerpt":{"rendered":"<p>21 noviembre, 2025 Estas jornadas\u00a0formativas avanzan en su parte pr\u00e1ctica a trav\u00e9s de la realizaci\u00f3n de paseos comunitarios por Antigua, La Oliva y Puerto del Rosario. El Cabildo de Fuerteventura, [&hellip;]<\/p>\n","protected":false},"author":1,"featured_media":14365,"comment_status":"open","ping_status":"open","sticky":false,"template":"","format":"standard","meta":{"inline_featured_image":false,"jnews-multi-image_gallery":[],"jnews_single_post":[],"jnews_primary_category":[],"jnews_social_meta":[],"jnews_override_counter":[],"jnews_post_split":[],"footnotes":""},"categories":[58],"tags":[82,326],"class_list":["post-14363","post","type-post","status-publish","format-standard","has-post-thumbnail","hentry","category-cabildo","tag-fuerteventura","tag-participacion-ciudadana"],"jetpack_featured_media_url":"https:\/\/informacionlocal.es\/wp-content\/uploads\/2025\/11\/foto1-3.jpeg","_links":{"self":[{"href":"https:\/\/informacionlocal.es\/de\/wp-json\/wp\/v2\/posts\/14363","targetHints":{"allow":["GET"]}}],"collection":[{"href":"https:\/\/informacionlocal.es\/de\/wp-json\/wp\/v2\/posts"}],"about":[{"href":"https:\/\/informacionlocal.es\/de\/wp-json\/wp\/v2\/types\/post"}],"author":[{"embeddable":true,"href":"https:\/\/informacionlocal.es\/de\/wp-json\/wp\/v2\/users\/1"}],"replies":[{"embeddable":true,"href":"https:\/\/informacionlocal.es\/de\/wp-json\/wp\/v2\/comments?post=14363"}],"version-history":[{"count":0,"href":"https:\/\/informacionlocal.es\/de\/wp-json\/wp\/v2\/posts\/14363\/revisions"}],"wp:featuredmedia":[{"embeddable":true,"href":"https:\/\/informacionlocal.es\/de\/wp-json\/wp\/v2\/media\/14365"}],"wp:attachment":[{"href":"https:\/\/informacionlocal.es\/de\/wp-json\/wp\/v2\/media?parent=14363"}],"wp:term":[{"taxonomy":"category","embeddable":true,"href":"https:\/\/informacionlocal.es\/de\/wp-json\/wp\/v2\/categories?post=14363"},{"taxonomy":"post_tag","embeddable":true,"href":"https:\/\/informacionlocal.es\/de\/wp-json\/wp\/v2\/tags?post=14363"}],"curies":[{"name":"wp","href":"https:\/\/api.w.org\/{rel}","templated":true}]}}