{"id":14317,"date":"2025-11-20T21:58:29","date_gmt":"2025-11-20T21:58:29","guid":{"rendered":"https:\/\/informacionlocal.es\/fuerteventura-inaugura-africagua-canarias-2025-con-una-destacada-participacion-internacional-en-torno-al-agua-y-las-energias-renovables\/"},"modified":"2025-11-20T21:58:29","modified_gmt":"2025-11-20T21:58:29","slug":"fuerteventura-inaugura-africagua-canarias-2025-con-una-destacada-participacion-internacional-en-torno-al-agua-y-las-energias-renovables","status":"publish","type":"post","link":"https:\/\/informacionlocal.es\/de\/fuerteventura-inaugura-africagua-canarias-2025-con-una-destacada-participacion-internacional-en-torno-al-agua-y-las-energias-renovables\/","title":{"rendered":"Fuerteventura inaugura Africagua Canarias 2025 con una destacada participaci\u00f3n internacional en torno al agua y las energ\u00edas renovables"},"content":{"rendered":"<div class=\"entry-content\"><strong>20 noviembre, 2025<\/strong><\/p>\n<p><strong><em>El Palacio de Formaci\u00f3n y Congresos acoge desde hoy la novena edici\u00f3n de Africagua Canarias, un foro que re\u00fane a delegaciones africanas, entidades europeas, organismos multilaterales y empresas especializadas para impulsar la cooperaci\u00f3n internacional en torno al agua, la energ\u00eda y la sostenibilidad.<\/em><\/strong><\/p>\n<p>El Palacio de Formaci\u00f3n y Congresos de Fuerteventura acogi\u00f3 hoy el acto inaugural\u00a0de\u00a0Africagua Canarias 2025, un foro internacional consolidado como punto de encuentro estrat\u00e9gico para impulsar soluciones sostenibles en los \u00e1mbitos del agua, las energ\u00edas renovables y la cooperaci\u00f3n \u00c1frica\u2013Europa desde Canarias.<\/p>\n<p>La apertura cont\u00f3 con la participaci\u00f3n de la presidenta del Cabildo, Lola Garc\u00eda, presidente de la C\u00e1mara de Comercio de Fuerteventura, Juan Jes\u00fas Rodr\u00edguez Marichal; el alcalde de Puerto del Rosario, David de Vera; el secretario permanente del Ministerio de Petr\u00f3leo y Energ\u00eda de Gambia, Lamin Camara; el embajador de Senegal en Espa\u00f1a, Ibrahim Al Khalil Seck; y el consejero de Pol\u00edtica Territorial, Cohesi\u00f3n Territorial y Aguas del Gobierno de Canarias, Manuel Miranda Medina.<\/p>\n<p>La presidenta del Cabildo de Fuerteventura, Lola Garc\u00eda dio la bienvenida a todos los presentes, \u201cespecialmente a quienes han viajado de otras partes del mundo para estar hoy en Fuerteventura. Su presencia refleja el esp\u00edritu de este foro: conectar territorios, compartir experiencias y avanzar juntos\u201d.<\/p>\n<p>\u201cQuienes vivimos en Fuerteventura sabemos que el agua no es s\u00f3lo un recurso: es un desaf\u00edo diario y una prioridad absoluta. Africagua nos recuerda que este reto no es \u00fanico. Por eso, este foro es relevante porque nos permite intercambiar experiencias entre regiones, impulsar alianzas y generar soluciones que pueden aplicarse aqu\u00ed y en otros lugares del mundo\u201d.<\/p>\n<p>El presidente de la C\u00e1mara,\u00a0Juan Jes\u00fas Rodr\u00edguez Marichal, dio la bienvenida a todas las delegaciones y participantes, destacando la importancia de reunir en Fuerteventura\u00a0a\u00a0representantes\u00a0de \u00c1frica,\u00a0Canarias y\u00a0Europa para\u00a0impulsar un espacio de cooperaci\u00f3n y trabajo conjunto \u201cAfricagua es la mejor muestra de que la cooperaci\u00f3n funciona y que podemos avanzar juntos en temas como el agua y las energ\u00edas limpias\u201d.<\/p>\n<p>Rodr\u00edguez Marichal destac\u00f3 tambi\u00e9n la importancia de la Global Startup Competition: \u201cpor primera vez ponemos en marcha un concurso dirigido a startups que trabajan en soluciones innovadoras relacionadas con el agua y las energ\u00edas renovables.\u201d En esta primera edici\u00f3n han participado 56 empresas procedentes de pa\u00edses como Espa\u00f1a, Marruecos, Etiop\u00eda, Uganda y Kenia\u201d.<\/p>\n<p>Asimismo, el consejero de Pol\u00edtica Territorial, Cohesi\u00f3n Territorial y Aguas,\u00a0Manuel Miranda, apunt\u00f3 que \u201csi algo compartimos con el continente africano, es la necesidad de\u00a0una\u00a0adecuada\u00a0gesti\u00f3n\u00a0del\u00a0agua. En\u00a0este\u00a0sentido, Africagua\u00a0supone\u00a0un\u00a0espacio\u00a0para el impulso de la tecnolog\u00eda y la cooperaci\u00f3n p\u00fabico-privada en esta materia, en una\u00a0Isla que ha sabido convertir la escasez en oportunidad y que debe incorporar, de manera progresiva, las energ\u00edas renovables en la desalaci\u00f3n del agua\u201d.<\/p>\n<p>El alcalde de Puerto del Rosario,\u00a0David de Vera, dio la bienvenida a las autoridades a un municipio \u201cque cuenta con infraestructuras como un muelle de inter\u00e9s estatal, que nos hacen un referente de la conexi\u00f3n con el \u00c1frica occidental, de cara a favorecer proyectos que desarrollen una econom\u00eda m\u00e1s sostenible en Canarias\u201d.<\/p>\n<p>El secretario permanente del Ministerio de Petr\u00f3leo y Energ\u00eda de Gambia,\u00a0Lamin Camara, resalt\u00f3 la buena organizaci\u00f3n de un evento que es muy importante para la Rep\u00fablica de Gambia, esperando poder crear alianzas que permitan apoyar el avance de proyectos en este pa\u00eds durante los pr\u00f3ximos a\u00f1os.<\/p>\n<p>Por su parte, el embajador de Senegal en Espa\u00f1a,\u00a0Ibrahim Al Khalil Seck, agradeci\u00f3 a los representantes institucionales por su calurosa acogida, \u201cen el marco de un foro que supone toda una oportunidad para el pa\u00eds de Senegal y para nuestras empresas privadas de intercambiar experiencias y proyectos referentes a la gesti\u00f3n\u00a0del agua y la\u00a0energ\u00eda\u201d.<\/p>\n<p>Participaci\u00f3n internacional y agenda de trabajo<\/p>\n<p>A\u00a0esta\u00a0edici\u00f3n\u00a0asisten\u00a0delegaciones\u00a0procedentes\u00a0de\u00a0Mauritania,\u00a0Marruecos,\u00a0Senegal, Gambia y Cabo Verde, adem\u00e1s de empresas espa\u00f1olas y canarias.<\/p>\n<p>Los encuentros B2B re\u00fanen a 93 participantes y han programado 83 reuniones, consolid\u00e1ndose como uno de los elementos m\u00e1s pr\u00e1cticos del foro para generar nuevas oportunidades de colaboraci\u00f3n y desarrollo empresarial.<\/p>\n<p>Este primer d\u00eda incluye mesas de\u00a0alto nivel\u00a0sobre\u00a0gesti\u00f3n\u00a0integral del agua,\u00a0pol\u00edticas energ\u00e9ticas,\u00a0transici\u00f3n energ\u00e9tica,\u00a0infraestructuras,\u00a0innovaci\u00f3n\u00a0y\u00a0cooperaci\u00f3n empresarial y tecnol\u00f3gica.<\/p>\n<p>Africagua Canarias 2025 est\u00e1 organizado por la C\u00e1mara de Comercio de Fuerteventura, el Cabildo de Fuerteventura y el Gobierno de Canarias, con la colaboraci\u00f3n de ICEX, ITC, PROEXCA, Casa \u00c1frica, EEN Canarias, ULPGC y\u00a0Cajasiete.<\/p>\n<\/div>\n","protected":false},"excerpt":{"rendered":"<p>20 noviembre, 2025 El Palacio de Formaci\u00f3n y Congresos acoge desde hoy la novena edici\u00f3n de Africagua Canarias, un foro que re\u00fane a delegaciones africanas, entidades europeas, organismos multilaterales y [&hellip;]<\/p>\n","protected":false},"author":1,"featured_media":14319,"comment_status":"open","ping_status":"open","sticky":false,"template":"","format":"standard","meta":{"inline_featured_image":false,"jnews-multi-image_gallery":[],"jnews_single_post":[],"jnews_primary_category":[],"jnews_social_meta":[],"jnews_override_counter":[],"jnews_post_split":[],"footnotes":""},"categories":[58],"tags":[82],"class_list":["post-14317","post","type-post","status-publish","format-standard","has-post-thumbnail","hentry","category-cabildo","tag-fuerteventura"],"jetpack_featured_media_url":"https:\/\/informacionlocal.es\/wp-content\/uploads\/2025\/11\/africagua2-scaled.jpg","_links":{"self":[{"href":"https:\/\/informacionlocal.es\/de\/wp-json\/wp\/v2\/posts\/14317","targetHints":{"allow":["GET"]}}],"collection":[{"href":"https:\/\/informacionlocal.es\/de\/wp-json\/wp\/v2\/posts"}],"about":[{"href":"https:\/\/informacionlocal.es\/de\/wp-json\/wp\/v2\/types\/post"}],"author":[{"embeddable":true,"href":"https:\/\/informacionlocal.es\/de\/wp-json\/wp\/v2\/users\/1"}],"replies":[{"embeddable":true,"href":"https:\/\/informacionlocal.es\/de\/wp-json\/wp\/v2\/comments?post=14317"}],"version-history":[{"count":0,"href":"https:\/\/informacionlocal.es\/de\/wp-json\/wp\/v2\/posts\/14317\/revisions"}],"wp:featuredmedia":[{"embeddable":true,"href":"https:\/\/informacionlocal.es\/de\/wp-json\/wp\/v2\/media\/14319"}],"wp:attachment":[{"href":"https:\/\/informacionlocal.es\/de\/wp-json\/wp\/v2\/media?parent=14317"}],"wp:term":[{"taxonomy":"category","embeddable":true,"href":"https:\/\/informacionlocal.es\/de\/wp-json\/wp\/v2\/categories?post=14317"},{"taxonomy":"post_tag","embeddable":true,"href":"https:\/\/informacionlocal.es\/de\/wp-json\/wp\/v2\/tags?post=14317"}],"curies":[{"name":"wp","href":"https:\/\/api.w.org\/{rel}","templated":true}]}}