{"id":14267,"date":"2025-11-20T14:58:23","date_gmt":"2025-11-20T14:58:23","guid":{"rendered":"https:\/\/informacionlocal.es\/escuelitas-de-colores-inicia-una-nueva-edicion-en-los-centros-rurales-de-puerto-del-rosario\/"},"modified":"2025-11-20T14:58:23","modified_gmt":"2025-11-20T14:58:23","slug":"escuelitas-de-colores-inicia-una-nueva-edicion-en-los-centros-rurales-de-puerto-del-rosario","status":"publish","type":"post","link":"https:\/\/informacionlocal.es\/de\/escuelitas-de-colores-inicia-una-nueva-edicion-en-los-centros-rurales-de-puerto-del-rosario\/","title":{"rendered":"Escuelitas de Colores inicia una nueva edici\u00f3n en los centros rurales de Puerto del Rosario"},"content":{"rendered":"<div class=\"entry-content\">\n<ul>\n<li><span><strong>El proyecto, activo desde 2014, acerca la multiculturalidad y la convivencia a m\u00e1s de un centenar de ni\u00f1os y ni\u00f1as del municipio<\/strong><\/span><\/li>\n<\/ul>\n<p><span><strong>En Puerto del Rosario, a 20 de noviembre de 2025.-<\/strong> Escuelitas de Colores regres\u00f3 este martes 18 de noviembre a las aulas de Puerto del Rosario con una nueva edici\u00f3n que se desarrollar\u00e1 hasta mayo de 2026. Esta primera sesi\u00f3n tuvo lugar en los CEIP Tef\u00eda, Ampuyenta y Casillas del \u00c1ngel, mientras que el jueves 20 de noviembre ser\u00e1 el turno del CEIP Domingo J. Manrique de Tetir. En total, se realizar\u00e1n siete encuentros donde el alumnado explorar\u00e1, de forma l\u00fadica y participativa, la riqueza cultural que convive en el municipio.<\/span><\/p>\n<p><span>Este proyecto, del \u00e1rea de Prevenci\u00f3n Comunitaria de la Concejal\u00eda de Servicios Sociales, se ha convertido desde 2014 en un espacio muy esperado por las escuelas rurales. A trav\u00e9s de juegos del mundo, din\u00e1micas creativas y actividades pensadas para fomentar el pensamiento cr\u00edtico, los ni\u00f1os y ni\u00f1as descubren que la diversidad no es una barrera, sino una oportunidad para mirarse y entenderse de otra manera.<\/span><\/p>\n<p><img loading=\"lazy\" decoding=\"async\" loading=\"lazy\" class=\"size-large wp-image-157740 aligncenter\" src=\"https:\/\/informacionlocal.es\/wp-content\/uploads\/2025\/11\/1a-sesion-6-1024x577-1.jpg\" width=\"1024\" height=\"577\" title=\"1a-sesion-6-1024x577-1\"><\/p>\n<p><span>Adem\u00e1s, esta edici\u00f3n incorpora de nuevo la 7\u00aa edici\u00f3n del concurso del cartel del \u201c21 de marzo. D\u00eda Internacional para la Eliminaci\u00f3n de la Discriminaci\u00f3n Racial\u201d, en el que el propio alumnado reflexionar\u00e1 sobre igualdad, identidad y respeto a trav\u00e9s del arte.<\/span><\/p>\n<p><span>\u201cEn Puerto del Rosario conviven vecinos y vecinas procedentes de m\u00e1s un centenar de nacionalidades, un mosaico cultural que convierte a nuestro municipio en un lugar \u00fanico. Escuelitas de Colores ayuda a nuestros ni\u00f1os y ni\u00f1as a comprender esta realidad desde el respeto y la convivencia, y eso es construir futuro\u201d, se\u00f1al\u00f3 el alcalde, David de Vera.<\/span><\/p>\n<p><span>A lo largo de estos meses, los centros participantes tendr\u00e1n la oportunidad de compartir experiencias, costumbres y miradas del mundo, reforzando valores esenciales como la tolerancia, la solidaridad y la convivencia. El viaje cultural que realizan estos ni\u00f1os y ni\u00f1as seguir\u00e1 creciendo desde las aulas rurales hacia todo el municipio.<\/span><\/p>\n<\/div>\n","protected":false},"excerpt":{"rendered":"<p>El proyecto, activo desde 2014, acerca la multiculturalidad y la convivencia a m\u00e1s de un centenar de ni\u00f1os y ni\u00f1as del municipio En Puerto del Rosario, a 20 de noviembre [&hellip;]<\/p>\n","protected":false},"author":1,"featured_media":14269,"comment_status":"open","ping_status":"open","sticky":false,"template":"","format":"standard","meta":{"inline_featured_image":false,"jnews-multi-image_gallery":[],"jnews_single_post":[],"jnews_primary_category":[],"jnews_social_meta":[],"jnews_override_counter":[],"jnews_post_split":[],"footnotes":""},"categories":[61],"tags":[],"class_list":["post-14267","post","type-post","status-publish","format-standard","has-post-thumbnail","hentry","category-puerto-del-rosario"],"jetpack_featured_media_url":"https:\/\/informacionlocal.es\/wp-content\/uploads\/2025\/11\/escuelitas-de-colores.png","_links":{"self":[{"href":"https:\/\/informacionlocal.es\/de\/wp-json\/wp\/v2\/posts\/14267","targetHints":{"allow":["GET"]}}],"collection":[{"href":"https:\/\/informacionlocal.es\/de\/wp-json\/wp\/v2\/posts"}],"about":[{"href":"https:\/\/informacionlocal.es\/de\/wp-json\/wp\/v2\/types\/post"}],"author":[{"embeddable":true,"href":"https:\/\/informacionlocal.es\/de\/wp-json\/wp\/v2\/users\/1"}],"replies":[{"embeddable":true,"href":"https:\/\/informacionlocal.es\/de\/wp-json\/wp\/v2\/comments?post=14267"}],"version-history":[{"count":0,"href":"https:\/\/informacionlocal.es\/de\/wp-json\/wp\/v2\/posts\/14267\/revisions"}],"wp:featuredmedia":[{"embeddable":true,"href":"https:\/\/informacionlocal.es\/de\/wp-json\/wp\/v2\/media\/14269"}],"wp:attachment":[{"href":"https:\/\/informacionlocal.es\/de\/wp-json\/wp\/v2\/media?parent=14267"}],"wp:term":[{"taxonomy":"category","embeddable":true,"href":"https:\/\/informacionlocal.es\/de\/wp-json\/wp\/v2\/categories?post=14267"},{"taxonomy":"post_tag","embeddable":true,"href":"https:\/\/informacionlocal.es\/de\/wp-json\/wp\/v2\/tags?post=14267"}],"curies":[{"name":"wp","href":"https:\/\/api.w.org\/{rel}","templated":true}]}}