{"id":14237,"date":"2025-11-19T14:58:25","date_gmt":"2025-11-19T14:58:25","guid":{"rendered":"https:\/\/informacionlocal.es\/el-cabildo-concede-657-000-euros-en-ayudas-al-fomento-de-la-contratacion\/"},"modified":"2025-11-19T14:58:25","modified_gmt":"2025-11-19T14:58:25","slug":"el-cabildo-concede-657-000-euros-en-ayudas-al-fomento-de-la-contratacion","status":"publish","type":"post","link":"https:\/\/informacionlocal.es\/de\/el-cabildo-concede-657-000-euros-en-ayudas-al-fomento-de-la-contratacion\/","title":{"rendered":"El Cabildo concede 657.000 euros en ayudas al fomento de la contrataci\u00f3n"},"content":{"rendered":"<div class=\"entry-content\"><strong>19 noviembre, 2025<\/strong><\/p>\n<p><strong><em>El plazo de aceptaci\u00f3n y justificaci\u00f3n de la ayuda finaliza el 28<br \/>\nde noviembre <\/em><\/strong><\/p>\n<p>El Cabildo de Fuerteventura, ha concedido m\u00e1s de 657.000 euros en<br \/>\nayudas al fomento de la contrataci\u00f3n. Tanto la presidenta del Cabildo de<br \/>\nFuerteventura, Lola Garc\u00eda, como la consejera de Promoci\u00f3n Econ\u00f3mica, Nuria<br \/>\nCabrera, ponen en valor unas subvenciones que se dirigen a impulsar el tejido<br \/>\nempresarial majorero y mejorar la empleabilidad. <\/p>\n<p>Las subvenciones permiten a los beneficiarios y beneficiarias<br \/>\nsufragar los costes salariales del personal contratado, as\u00ed como las cargas de<br \/>\nla Seguridad Social que deben abonar cuando contratan nuevo personal.<\/p>\n<p>La convocatoria de esta l\u00ednea de ayudas se ha mejorado con la<br \/>\nmodificaci\u00f3n de sus bases para poder ampliarlas a m\u00e1s beneficiarios y<br \/>\nadaptarlas a la realidad del tejido empresarial majorero, ajust\u00e1ndose a las<br \/>\nnecesidades actuales del mercado laboral y a los perfiles de quienes las<br \/>\nsolicitan.<\/p>\n<p><strong>El plazo para aceptar la subvenci\u00f3n y presentar la justificaci\u00f3n<br \/>\nfinaliza el pr\u00f3ximo 28 de noviembre, para aquellos beneficiarios que no<br \/>\nconstaban ya en el listado provisional.<\/strong> La resoluci\u00f3n definitiva puede<br \/>\nconsultarse en https:\/\/www.cabildofuer.es\/cabildo\/atencion-al-ciudadano\/ayudas-becas-y-subvenciones\/promocion-economica\/subvenciones-para-el-fomento-de-la-contratacion\/fomento-contratacion-2025\/<\/p>\n<p>Esta l\u00ednea de ayudas cuenta con fondos propios de la Corporaci\u00f3n<br \/>\ninsular y financiaci\u00f3n del Fondo de Desarrollo de Canarias (FDCAN).<\/p>\n<\/div>\n","protected":false},"excerpt":{"rendered":"<p>19 noviembre, 2025 El plazo de aceptaci\u00f3n y justificaci\u00f3n de la ayuda finaliza el 28 de noviembre El Cabildo de Fuerteventura, ha concedido m\u00e1s de 657.000 euros en ayudas al [&hellip;]<\/p>\n","protected":false},"author":1,"featured_media":14239,"comment_status":"open","ping_status":"open","sticky":false,"template":"","format":"standard","meta":{"inline_featured_image":false,"jnews-multi-image_gallery":[],"jnews_single_post":[],"jnews_primary_category":[],"jnews_social_meta":[],"jnews_override_counter":[],"jnews_post_split":[],"footnotes":""},"categories":[58],"tags":[82],"class_list":["post-14237","post","type-post","status-publish","format-standard","has-post-thumbnail","hentry","category-cabildo","tag-fuerteventura"],"jetpack_featured_media_url":"https:\/\/informacionlocal.es\/wp-content\/uploads\/2025\/11\/whatsapp-image-2025-11-19-at-09-20-02.jpeg","_links":{"self":[{"href":"https:\/\/informacionlocal.es\/de\/wp-json\/wp\/v2\/posts\/14237","targetHints":{"allow":["GET"]}}],"collection":[{"href":"https:\/\/informacionlocal.es\/de\/wp-json\/wp\/v2\/posts"}],"about":[{"href":"https:\/\/informacionlocal.es\/de\/wp-json\/wp\/v2\/types\/post"}],"author":[{"embeddable":true,"href":"https:\/\/informacionlocal.es\/de\/wp-json\/wp\/v2\/users\/1"}],"replies":[{"embeddable":true,"href":"https:\/\/informacionlocal.es\/de\/wp-json\/wp\/v2\/comments?post=14237"}],"version-history":[{"count":0,"href":"https:\/\/informacionlocal.es\/de\/wp-json\/wp\/v2\/posts\/14237\/revisions"}],"wp:featuredmedia":[{"embeddable":true,"href":"https:\/\/informacionlocal.es\/de\/wp-json\/wp\/v2\/media\/14239"}],"wp:attachment":[{"href":"https:\/\/informacionlocal.es\/de\/wp-json\/wp\/v2\/media?parent=14237"}],"wp:term":[{"taxonomy":"category","embeddable":true,"href":"https:\/\/informacionlocal.es\/de\/wp-json\/wp\/v2\/categories?post=14237"},{"taxonomy":"post_tag","embeddable":true,"href":"https:\/\/informacionlocal.es\/de\/wp-json\/wp\/v2\/tags?post=14237"}],"curies":[{"name":"wp","href":"https:\/\/api.w.org\/{rel}","templated":true}]}}