{"id":1414,"date":"2025-04-11T14:29:14","date_gmt":"2025-04-11T14:29:14","guid":{"rendered":"https:\/\/informacionlocal.es\/die-ii-messe-der-attraktionen-kommt-nach-gran-tarajal-vom-11-bis-27-april\/"},"modified":"2025-04-14T10:04:22","modified_gmt":"2025-04-14T10:04:22","slug":"die-ii-messe-der-attraktionen-kommt-nach-gran-tarajal-vom-11-bis-27-april","status":"publish","type":"post","link":"https:\/\/informacionlocal.es\/de\/die-ii-messe-der-attraktionen-kommt-nach-gran-tarajal-vom-11-bis-27-april\/","title":{"rendered":"Die II Messe der Attraktionen kommt nach Gran Tarajal vom 11. bis 27. April"},"content":{"rendered":"<div class=\"article-content-inner\">\n<p>In Gran Tarajal findet von <strong>Freitag, dem 11. bis Sonntag, dem 27. April<\/strong> die <strong>2. Messe der Attraktionen<\/strong> statt, die t\u00e4glich ab <strong>17:30 Uhr<\/strong> ge\u00f6ffnet ist. Unter der Woche endet sie um <strong>22:30 Uhr<\/strong> und an Feiertagen und Wochenenden um <strong>00:00 Uhr.<\/strong> Die Veranstaltung findet auf dem Gel\u00e4nde neben dem Messegel\u00e4nde statt und umfasst Attraktionen f\u00fcr alle Altersgruppen, Essensst\u00e4nde und Freizeitaktivit\u00e4ten, um im April eine alternative Familienunterhaltung zu bieten. Es handelt sich um eine Initiative des Ministeriums f\u00fcr Handel unter der Leitung von Evelyn \u00c1vila.  <\/p>\n<div class=\"wp-block-image\">\n<figure class=\"alignleft size-large is-resized\"><img fetchpriority=\"high\" decoding=\"async\" width=\"726\" height=\"1024\" src=\"https:\/\/informacionlocal.es\/wp-content\/uploads\/2025\/04\/feria-1-726x1024-1.jpeg\" class=\"wp-image-7710\" title=\"fair-1-726x1024-1\"><\/figure>\n<\/div>\n<p>Die Messe hat auch eine Kampagne zur Unterst\u00fctzung des lokalen Handels. Die teilnehmenden Gesch\u00e4fte bieten <strong>f\u00fcr die Veranstaltung Rabatte<\/strong> an, um das Einkaufen in der Gemeinde zu f\u00f6rdern und das lokale Handelsgef\u00fcge zu st\u00e4rken. <\/p>\n<p>Stadtr\u00e4tin <strong>Evelyn \u00c1vila<\/strong> erkl\u00e4rt, dass <em>&#8222;diese Messe nicht nur ein Freizeitangebot f\u00fcr Familien sein soll, sondern auch die Wirtschaft in den Betrieben der Region ankurbeln soll. Wir wollen, dass sich die B\u00fcrgerinnen und B\u00fcrger am\u00fcsieren und gleichzeitig in der Gemeinde konsumieren, und deshalb haben wir daf\u00fcr gesorgt, dass diese Veranstaltung Freizeit und Handel miteinander verbindet&#8220;.<\/em><\/p>\n<p>Die B\u00fcrgermeisterin von Tuineje, <strong>Candelaria Umpi\u00e9rrez<\/strong>, f\u00fcgt hinzu, dass <em>&#8222;diese Art von Initiative das Gemeinschaftsleben st\u00e4rkt und die Beteiligung am \u00f6ffentlichen Raum f\u00f6rdert. Wir laden alle Einwohner und Besucher ein, die Messe zu genie\u00dfen&#8220;.<\/em><\/p>\n<\/div>\n","protected":false},"excerpt":{"rendered":"<p>In Gran Tarajal findet von Freitag, dem 11. bis Sonntag, dem 27. April die 2. Messe der Attraktionen statt, die t\u00e4glich ab 17:30 Uhr ge\u00f6ffnet ist. Unter der Woche endet [&hellip;]<\/p>\n","protected":false},"author":1,"featured_media":849,"comment_status":"open","ping_status":"open","sticky":false,"template":"","format":"standard","meta":{"inline_featured_image":false,"jnews-multi-image_gallery":[],"jnews_single_post":[],"jnews_primary_category":[],"jnews_social_meta":[],"jnews_override_counter":[],"jnews_post_split":[],"footnotes":""},"categories":[299],"tags":[216,196,217,237],"class_list":["post-1414","post","type-post","status-publish","format-standard","has-post-thumbnail","hentry","category-tuineje-de","tag-fuerteventura-de","tag-gemeinden","tag-kultur-und-freizeit","tag-veranstaltungen"],"jetpack_featured_media_url":"https:\/\/informacionlocal.es\/wp-content\/uploads\/2025\/04\/feria-e1744378008112.jpeg","_links":{"self":[{"href":"https:\/\/informacionlocal.es\/de\/wp-json\/wp\/v2\/posts\/1414","targetHints":{"allow":["GET"]}}],"collection":[{"href":"https:\/\/informacionlocal.es\/de\/wp-json\/wp\/v2\/posts"}],"about":[{"href":"https:\/\/informacionlocal.es\/de\/wp-json\/wp\/v2\/types\/post"}],"author":[{"embeddable":true,"href":"https:\/\/informacionlocal.es\/de\/wp-json\/wp\/v2\/users\/1"}],"replies":[{"embeddable":true,"href":"https:\/\/informacionlocal.es\/de\/wp-json\/wp\/v2\/comments?post=1414"}],"version-history":[{"count":1,"href":"https:\/\/informacionlocal.es\/de\/wp-json\/wp\/v2\/posts\/1414\/revisions"}],"predecessor-version":[{"id":1710,"href":"https:\/\/informacionlocal.es\/de\/wp-json\/wp\/v2\/posts\/1414\/revisions\/1710"}],"wp:featuredmedia":[{"embeddable":true,"href":"https:\/\/informacionlocal.es\/de\/wp-json\/wp\/v2\/media\/849"}],"wp:attachment":[{"href":"https:\/\/informacionlocal.es\/de\/wp-json\/wp\/v2\/media?parent=1414"}],"wp:term":[{"taxonomy":"category","embeddable":true,"href":"https:\/\/informacionlocal.es\/de\/wp-json\/wp\/v2\/categories?post=1414"},{"taxonomy":"post_tag","embeddable":true,"href":"https:\/\/informacionlocal.es\/de\/wp-json\/wp\/v2\/tags?post=1414"}],"curies":[{"name":"wp","href":"https:\/\/api.w.org\/{rel}","templated":true}]}}