{"id":14077,"date":"2025-11-15T19:59:49","date_gmt":"2025-11-15T19:59:49","guid":{"rendered":"https:\/\/informacionlocal.es\/apertura-del-v-encuentro-y-venta-de-artesania-con-nuevos-y-jovenes-artesanos\/"},"modified":"2025-11-15T19:59:49","modified_gmt":"2025-11-15T19:59:49","slug":"apertura-del-v-encuentro-y-venta-de-artesania-con-nuevos-y-jovenes-artesanos","status":"publish","type":"post","link":"https:\/\/informacionlocal.es\/de\/apertura-del-v-encuentro-y-venta-de-artesania-con-nuevos-y-jovenes-artesanos\/","title":{"rendered":"Apertura del V Encuentro y Venta de Artesan\u00eda con nuevos y j\u00f3venes artesanos"},"content":{"rendered":"<div class=\"elementor-widget-container\">\n<p><strong>Apertura del V Encuentro y Venta de Artesan\u00eda con nuevos y j\u00f3venes artesanos<\/strong><\/p>\n<p><strong>\u2022 El alcalde, concejal de Cultura y representante de la Fundaci\u00f3n Colectivo Mafasca dan la bienvenida en el corte de cinta inaugural a todos los asistentes, as\u00ed como saludan y agradecen la presencia a cada uno de las treinta artesanas y artesanos, algunos veteranos y otros, participantes por primera vez.<\/strong><\/p>\n<p>El corte de cinta ha simbolizado una apertura a la quinta edici\u00f3n del Encuentro y Venta de Artesan\u00eda en la plaza de Antigua, con una treintena de artesanos y artesanas de oficio expectantes y preparados con elaborados y diferentes trabajos para atender a un p\u00fablico que ha sido continuo durante toda la jornada, paseando, mirando, regresando despu\u00e9s sobres sus pasos para comprar esto y aquello que m\u00e1s les llam\u00f3 la atenci\u00f3n.<\/p>\n<p>El d\u00eda esta espectacular para disfrutar de esta nueva cita de la Artesan\u00eda, afirma el alcalde de Antigua, Mat\u00edas Pe\u00f1a garc\u00eda, que destacaba la presencia de nuevos y j\u00f3venes artesanos que recientemente han obtenido el carn\u00e9 de oficio y se estrenan participando en el Encuentro y Venta de Artesan\u00eda Fuerteventura 2025, que a petici\u00f3n del sector y en el objetivo de ser un respaldo econ\u00f3mico, organiza desde la pandemia el Ayuntamiento de Antigua desde la concejal\u00eda de Cultura junto con la Fundaci\u00f3n Colectivo Mafasca.<\/p>\n<p>Margarita De Vera, representante del Colectivo Mafasca, durante el corte de cinta inaugural, animaba a visitar este fin de semana la plaza de Antigua, donde podr\u00e1n disfrutar de la calidad de cada oficio de la treintena de artesanos y artesanas que aqu\u00ed acogemos y a los que agradecemos tambi\u00e9n su trabajo y esfuerzo para estar en el Encuentro y Venta de Artesan\u00eda y presentar sus mejores trabajos, que son la mejor opci\u00f3n para Regalar artesan\u00eda por Navidad.<\/p>\n<p>El concejal Jonathan Pe\u00f1a destacaba la programaci\u00f3n paralela que hay durante el V Encuentro y Venta de Artesan\u00eda, con los Talleres de Artesan\u00eda y con actuaciones de m\u00fasica popular canaria, fusionada con ritmos latinos, boleros y versiones de temas conocidos, para disfrute de toda la familia.<\/p>\n<\/div>\n","protected":false},"excerpt":{"rendered":"<p><strong>Apertura del V Encuentro y Venta de Artesan\u00eda con nuevos y j\u00f3venes artesanos<\/strong><\/p>\n","protected":false},"author":1,"featured_media":14079,"comment_status":"open","ping_status":"open","sticky":false,"template":"","format":"standard","meta":{"inline_featured_image":false,"jnews-multi-image_gallery":[],"jnews_single_post":[],"jnews_primary_category":[],"jnews_social_meta":[],"jnews_override_counter":[],"jnews_post_split":[],"footnotes":""},"categories":[59],"tags":[82],"class_list":["post-14077","post","type-post","status-publish","format-standard","has-post-thumbnail","hentry","category-antigua","tag-fuerteventura"],"jetpack_featured_media_url":"https:\/\/informacionlocal.es\/wp-content\/uploads\/2025\/11\/0-apertura-del-v-encuentro-y-venta-de-artesania-con-nuevos-y-jovenes-artesanos-10-scaled-1.jpg","_links":{"self":[{"href":"https:\/\/informacionlocal.es\/de\/wp-json\/wp\/v2\/posts\/14077","targetHints":{"allow":["GET"]}}],"collection":[{"href":"https:\/\/informacionlocal.es\/de\/wp-json\/wp\/v2\/posts"}],"about":[{"href":"https:\/\/informacionlocal.es\/de\/wp-json\/wp\/v2\/types\/post"}],"author":[{"embeddable":true,"href":"https:\/\/informacionlocal.es\/de\/wp-json\/wp\/v2\/users\/1"}],"replies":[{"embeddable":true,"href":"https:\/\/informacionlocal.es\/de\/wp-json\/wp\/v2\/comments?post=14077"}],"version-history":[{"count":0,"href":"https:\/\/informacionlocal.es\/de\/wp-json\/wp\/v2\/posts\/14077\/revisions"}],"wp:featuredmedia":[{"embeddable":true,"href":"https:\/\/informacionlocal.es\/de\/wp-json\/wp\/v2\/media\/14079"}],"wp:attachment":[{"href":"https:\/\/informacionlocal.es\/de\/wp-json\/wp\/v2\/media?parent=14077"}],"wp:term":[{"taxonomy":"category","embeddable":true,"href":"https:\/\/informacionlocal.es\/de\/wp-json\/wp\/v2\/categories?post=14077"},{"taxonomy":"post_tag","embeddable":true,"href":"https:\/\/informacionlocal.es\/de\/wp-json\/wp\/v2\/tags?post=14077"}],"curies":[{"name":"wp","href":"https:\/\/api.w.org\/{rel}","templated":true}]}}