{"id":14071,"date":"2025-11-15T18:58:27","date_gmt":"2025-11-15T18:58:27","guid":{"rendered":"https:\/\/informacionlocal.es\/nuevas-piezas-nuevas-joyas-nuevos-detalles-y-trabajos-en-el-v-encuentro-y-venta-de-artesania-fuerteventura-2025\/"},"modified":"2025-11-15T18:58:27","modified_gmt":"2025-11-15T18:58:27","slug":"nuevas-piezas-nuevas-joyas-nuevos-detalles-y-trabajos-en-el-v-encuentro-y-venta-de-artesania-fuerteventura-2025","status":"publish","type":"post","link":"https:\/\/informacionlocal.es\/de\/nuevas-piezas-nuevas-joyas-nuevos-detalles-y-trabajos-en-el-v-encuentro-y-venta-de-artesania-fuerteventura-2025\/","title":{"rendered":"Nuevas piezas, nuevas joyas, nuevos detalles y trabajos en el V Encuentro y Venta de Artesan\u00eda Fuerteventura 2025"},"content":{"rendered":"<div class=\"elementor-widget-container\">\n<p><strong>Nuevas piezas, nuevas joyas, nuevos detalles y trabajos en el V Encuentro y Venta de Artesan\u00eda Fuerteventura 2025<\/strong><\/p>\n<p><strong>\u2022 Regalar artesan\u00eda por Navidad es posible siendo calidad, sorprendente y \u00e9xito asegurado, afirma el alcalde, Mat\u00edas Pe\u00f1a Garc\u00eda.<\/strong><\/p>\n<p><strong>\u2022 Este domingo el V Encuentro y Venta de Artesan\u00eda ofrece Talleres de Macram\u00e9 y Marroquiner\u00eda donde aprender las primeras t\u00e9cnicas del oficio de manos de los propios artesanos y artesanas.<\/strong><\/p>\n<p><strong>\u2022 La parranda Son de Anta\u00f1o y el Encuentro de Solistas acompa\u00f1ado por la parranda de Vitolo act\u00faan este domingo por la ma\u00f1ana, continuando la m\u00fasica por la tarde con la parranda La Polvajera.<\/strong><\/p>\n<p><strong>\u2022 El Mercado agr\u00edcola de productos de nuestra tierra, en Antigua es complemento asegurado en toda cita de artesan\u00eda, afirma el alcalde Mat\u00edas Pe\u00f1a, porque tambi\u00e9n muestra nuestra tradici\u00f3n y trabajo artesanal del campo.<\/strong><\/p>\n<p>El V Encuentro y Venta de Artesan\u00eda Fuerteventura 2025 se celebra en la plaza de Antigua este fin de semana, con excelente clima, y una asistencia continua, sin colas de espera excepto puntuales en alg\u00fan puesto de artesan\u00eda.<\/p>\n<p>Una treintena de artesanos que traen nuevas piezas de barro, nuevos detalles inesperados y entrelazados en palma, pendientes con bordados y calados, o elaborados en cristal, o dise\u00f1os en plata, sastres con ropas de lino o seda o encajes perfectos, afilados cuchillos canarios, fantas\u00edas de almazuelas, marroquiner\u00eda en grandes y peque\u00f1os formatos, cuero en complementos de todo tipo, mu\u00f1ecos de madera, y as\u00ed un sinf\u00edn m\u00e1s.<\/p>\n<p>Trabajos que sorprenden, se\u00f1ala el concejal Jonathan Pe\u00f1a, por mostrar calidad en la tradici\u00f3n, fusi\u00f3n con la vanguardia y dise\u00f1os que sorprenden. Regalar artesan\u00eda por Navidad esta m\u00e1s cerca y m\u00e1s asequible que nunca, afirma el concejal.<\/p>\n<p>Este domingo podr\u00e1 disfrutarse de los talleres de Marroquiner\u00eda y Macram\u00e9, gratuitos y abiertos a toda persona interesada al margen de su edad, una actividad para toda la familia, que adem\u00e1s de Regalar Artesan\u00eda por Navidad puede aprender alguna t\u00e9cnica y truco artesanal, y ya que por aqu\u00ed estamos completar la despensa en el Mercado Agr\u00edcola, con los productos locales y tambi\u00e9n artesanos de nuestra gente, afirma el alcalde, Mat\u00edas Pe\u00f1a.<\/p>\n<\/div>\n","protected":false},"excerpt":{"rendered":"<p><strong>Nuevas piezas, nuevas joyas, nuevos detalles y trabajos en el V Encuentro y Venta de Artesan\u00eda Fuerteventura 2025<\/strong><\/p>\n","protected":false},"author":1,"featured_media":14073,"comment_status":"open","ping_status":"open","sticky":false,"template":"","format":"standard","meta":{"inline_featured_image":false,"jnews-multi-image_gallery":[],"jnews_single_post":[],"jnews_primary_category":[],"jnews_social_meta":[],"jnews_override_counter":[],"jnews_post_split":[],"footnotes":""},"categories":[59],"tags":[82],"class_list":["post-14071","post","type-post","status-publish","format-standard","has-post-thumbnail","hentry","category-antigua","tag-fuerteventura"],"jetpack_featured_media_url":"https:\/\/informacionlocal.es\/wp-content\/uploads\/2025\/11\/0-apertura-del-v-encuentro-y-venta-de-artesania-con-nuevos-y-jovenes-artesanos-11-scaled-1.jpg","_links":{"self":[{"href":"https:\/\/informacionlocal.es\/de\/wp-json\/wp\/v2\/posts\/14071","targetHints":{"allow":["GET"]}}],"collection":[{"href":"https:\/\/informacionlocal.es\/de\/wp-json\/wp\/v2\/posts"}],"about":[{"href":"https:\/\/informacionlocal.es\/de\/wp-json\/wp\/v2\/types\/post"}],"author":[{"embeddable":true,"href":"https:\/\/informacionlocal.es\/de\/wp-json\/wp\/v2\/users\/1"}],"replies":[{"embeddable":true,"href":"https:\/\/informacionlocal.es\/de\/wp-json\/wp\/v2\/comments?post=14071"}],"version-history":[{"count":0,"href":"https:\/\/informacionlocal.es\/de\/wp-json\/wp\/v2\/posts\/14071\/revisions"}],"wp:featuredmedia":[{"embeddable":true,"href":"https:\/\/informacionlocal.es\/de\/wp-json\/wp\/v2\/media\/14073"}],"wp:attachment":[{"href":"https:\/\/informacionlocal.es\/de\/wp-json\/wp\/v2\/media?parent=14071"}],"wp:term":[{"taxonomy":"category","embeddable":true,"href":"https:\/\/informacionlocal.es\/de\/wp-json\/wp\/v2\/categories?post=14071"},{"taxonomy":"post_tag","embeddable":true,"href":"https:\/\/informacionlocal.es\/de\/wp-json\/wp\/v2\/tags?post=14071"}],"curies":[{"name":"wp","href":"https:\/\/api.w.org\/{rel}","templated":true}]}}