{"id":14059,"date":"2025-11-14T22:58:33","date_gmt":"2025-11-14T22:58:33","guid":{"rendered":"https:\/\/informacionlocal.es\/el-cabildo-honra-la-memoria-de-manuel-velazquez-cabrera-un-ano-mas\/"},"modified":"2025-11-14T22:58:33","modified_gmt":"2025-11-14T22:58:33","slug":"el-cabildo-honra-la-memoria-de-manuel-velazquez-cabrera-un-ano-mas","status":"publish","type":"post","link":"https:\/\/informacionlocal.es\/de\/el-cabildo-honra-la-memoria-de-manuel-velazquez-cabrera-un-ano-mas\/","title":{"rendered":"El Cabildo honra la memoria de Manuel Vel\u00e1zquez Cabrera un a\u00f1o m\u00e1s"},"content":{"rendered":"<div class=\"entry-content\"><strong>14 noviembre, 2025<\/strong><\/p>\n<p><strong><em>La Consejer\u00eda de Cultura celebra el legado del impulsor de los<br \/>\ncabildos insulares con actos institucionales, homenajes y una conferencia en<br \/>\nTiscamanita<\/em><\/strong><\/p>\n<p>El Cabildo de Fuerteventura, a trav\u00e9s de la Consejer\u00eda de Cultura,<br \/>\nhomenajea a Manuel Vel\u00e1zquez Cabrera, figura esencial en la historia pol\u00edtica<br \/>\nde Canarias y considerado el padre de los cabildos modernos. El acto se realiza<br \/>\ncada a\u00f1o, coincidiendo con el mes de nacimiento de Manuel Cabrera Cabrera.<\/p>\n<p>Naci\u00f3 en Tiscamanita el 11 de noviembre de 1963 y destac\u00f3 como<br \/>\nabogado y defensor incansable de los derechos de las islas no capitalinas. A<br \/>\ncomienzos del siglo XX lider\u00f3 un plebiscito a favor de la autonom\u00eda insular<br \/>\njunto a otros majoreros, sentando las bases de la actual estructura de los<br \/>\ncabildos insulares. Su compromiso permiti\u00f3 que las islas menores obtuvieran<br \/>\nrepresentaci\u00f3n propia dentro del Archipi\u00e9lago. Falleci\u00f3 en Madrid en 1916 y su<br \/>\nlegado contin\u00faa siendo un referente para la organizaci\u00f3n pol\u00edtica y social de<br \/>\nCanarias.<\/p>\n<p>La Consejer\u00eda de Cultura del Cabildo de Fuerteventura considera vital<br \/>\npreservar la memoria de personas como Vel\u00e1zquez Cabrera, cuyo trabajo pionero<br \/>\ncontribuy\u00f3 a mejorar la vida de los habitantes de la isla. Con este Memorial se<br \/>\nbusca mantener vivo el recuerdo del ilustre majorero y promover el conocimiento<br \/>\nde su trayectoria entre la ciudadan\u00eda.<\/p>\n<p>El 18 de noviembre tendr\u00e1 lugar a las 12.00 horas el Acto<br \/>\nInstitucional del Cabildo de Fuerteventura en honor a Manuel Vel\u00e1zquez Cabrera,<br \/>\nque se celebrar\u00e1 en la calle peatonal Primero de Mayo, en Puerto del Rosario.<br \/>\nEse mismo d\u00eda, a las 19.00 horas, se desarrollar\u00e1 un acto de homenaje junto a<br \/>\nsu busto escult\u00f3rico en la Plaza Manuel Vel\u00e1zquez Cabrera, en Tiscamanita, su<br \/>\nlocalidad natal.<\/p>\n<p>Las actividades continuar\u00e1n el 24 de noviembre, a las 18.30 horas,<br \/>\ncon la conferencia \u201cLa casa Manuel Vel\u00e1zquez Cabrera: una propuesta de uso<br \/>\nposible\u201d, a cargo del Viceconsejero de Cultura del Gobierno de Canarias, Horacio<br \/>\nUmpierrez, que tendr\u00e1 lugar en el Centro Cultural de Tiscamanita. <\/p>\n<p>Con estos actos, el Cabildo de Fuerteventura invita a la poblaci\u00f3n<br \/>\na participar y recordar la figura de uno de los grandes referentes de la<br \/>\nhistoria majorera y canaria.<\/p>\n<\/div>\n","protected":false},"excerpt":{"rendered":"<p>14 noviembre, 2025 La Consejer\u00eda de Cultura celebra el legado del impulsor de los cabildos insulares con actos institucionales, homenajes y una conferencia en Tiscamanita El Cabildo de Fuerteventura, a [&hellip;]<\/p>\n","protected":false},"author":1,"featured_media":14061,"comment_status":"open","ping_status":"open","sticky":false,"template":"","format":"standard","meta":{"inline_featured_image":false,"jnews-multi-image_gallery":[],"jnews_single_post":[],"jnews_primary_category":[],"jnews_social_meta":[],"jnews_override_counter":[],"jnews_post_split":[],"footnotes":""},"categories":[58],"tags":[82],"class_list":["post-14059","post","type-post","status-publish","format-standard","has-post-thumbnail","hentry","category-cabildo","tag-fuerteventura"],"jetpack_featured_media_url":"https:\/\/informacionlocal.es\/wp-content\/uploads\/2025\/11\/programa-32-memorial-mvc-1_page-0001.jpg","_links":{"self":[{"href":"https:\/\/informacionlocal.es\/de\/wp-json\/wp\/v2\/posts\/14059","targetHints":{"allow":["GET"]}}],"collection":[{"href":"https:\/\/informacionlocal.es\/de\/wp-json\/wp\/v2\/posts"}],"about":[{"href":"https:\/\/informacionlocal.es\/de\/wp-json\/wp\/v2\/types\/post"}],"author":[{"embeddable":true,"href":"https:\/\/informacionlocal.es\/de\/wp-json\/wp\/v2\/users\/1"}],"replies":[{"embeddable":true,"href":"https:\/\/informacionlocal.es\/de\/wp-json\/wp\/v2\/comments?post=14059"}],"version-history":[{"count":0,"href":"https:\/\/informacionlocal.es\/de\/wp-json\/wp\/v2\/posts\/14059\/revisions"}],"wp:featuredmedia":[{"embeddable":true,"href":"https:\/\/informacionlocal.es\/de\/wp-json\/wp\/v2\/media\/14061"}],"wp:attachment":[{"href":"https:\/\/informacionlocal.es\/de\/wp-json\/wp\/v2\/media?parent=14059"}],"wp:term":[{"taxonomy":"category","embeddable":true,"href":"https:\/\/informacionlocal.es\/de\/wp-json\/wp\/v2\/categories?post=14059"},{"taxonomy":"post_tag","embeddable":true,"href":"https:\/\/informacionlocal.es\/de\/wp-json\/wp\/v2\/tags?post=14059"}],"curies":[{"name":"wp","href":"https:\/\/api.w.org\/{rel}","templated":true}]}}