{"id":14047,"date":"2025-11-14T20:58:21","date_gmt":"2025-11-14T20:58:21","guid":{"rendered":"https:\/\/informacionlocal.es\/el-cabildo-da-la-bienvenida-a-los-artistas-de-la-gran-jornada-cultural-africana\/"},"modified":"2025-11-14T20:58:21","modified_gmt":"2025-11-14T20:58:21","slug":"el-cabildo-da-la-bienvenida-a-los-artistas-de-la-gran-jornada-cultural-africana","status":"publish","type":"post","link":"https:\/\/informacionlocal.es\/de\/el-cabildo-da-la-bienvenida-a-los-artistas-de-la-gran-jornada-cultural-africana\/","title":{"rendered":"El Cabildo da la bienvenida a los artistas de la \u2018Gran Jornada Cultural Africana\u2019"},"content":{"rendered":"<div class=\"entry-content\"><strong>14 noviembre, 2025<\/strong><\/p>\n<p><strong><em>El encuentro tendr\u00e1 lugar el 15 de noviembre, a partir de las<br \/>\n14.00 horas, en la Asociaci\u00f3n Cultural Ra\u00edz del Pueblo<\/em><\/strong><\/p>\n<p>El Cabildo de Fuerteventura ha recibido hoy a los artistas<br \/>\nparticipantes en la \u2018Gran Jornada Cultural Africana\u2019, que se celebrar\u00e1 el<br \/>\ns\u00e1bado 15 de noviembre, a las 19.00 horas, en la Asociaci\u00f3n Cultural Ra\u00edz del<br \/>\nPueblo, en el municipio de La Oliva.<\/p>\n<p>Entre los invitados destaca la presencia del reconocido m\u00fasico<br \/>\nsenegal\u00e9s Baaba Maal, figura emblem\u00e1tica de la m\u00fasica africana y embajador de<br \/>\nla m\u00fasica panafricana, junto al grupo Daande Le\u00f1ol, que tambi\u00e9n actuar\u00e1 en el<br \/>\nconcierto principal.<\/p>\n<p>El artista Baaba Maal, a trav\u00e9s de la letra de sus canciones,<br \/>\nreivindica la lucha por los derechos humanos, el no arriesgar la vida en el<br \/>\nmar, temas sociales y pol\u00edticos. Adem\u00e1s, refleja su cultura a trav\u00e9s de la<br \/>\ndescripci\u00f3n de la vida cotidiana.<\/p>\n<p>Durante el acto de bienvenida, el consejero insular de cultura,<br \/>\nRayco Le\u00f3n, destac\u00f3 la importancia de esta cita como un espacio para fomentar<br \/>\nla convivencia, la interculturalidad y la participaci\u00f3n. \u201cFuerteventura es un<br \/>\nterritorio abierto y diverso. Celebrar esta jornada es reconocer las ra\u00edces<br \/>\nafricanas que forman parte de nuestra identidad\u201d, se\u00f1al\u00f3 Le\u00f3n.<\/p>\n<p>El programa del evento incluye, desde las 14.00 horas, una<br \/>\nexposici\u00f3n de arte y artesan\u00eda africana, adem\u00e1s de una demostraci\u00f3n de moda<br \/>\nafricana y otras actividades culturales. <\/p>\n<p>A partir de las 19.00 horas, el p\u00fablico podr\u00e1 disfrutar del<br \/>\nconcierto gratuito de Baaba Maal y Daande Le\u00f1ol.<\/p>\n<p>La \u2018Gran Jornada Cultural Africana\u2019, organizada por la Asociaci\u00f3n<br \/>\nDIMBE, cuenta con la colaboraci\u00f3n del Cabildo de Fuerteventura, el Gobierno de<br \/>\nCanarias, la Asociaci\u00f3n Ra\u00edz del Pueblo y los Ayuntamientos de Puerto del<br \/>\nRosario y La Oliva.<\/p>\n<\/div>\n","protected":false},"excerpt":{"rendered":"<p>14 noviembre, 2025 El encuentro tendr\u00e1 lugar el 15 de noviembre, a partir de las 14.00 horas, en la Asociaci\u00f3n Cultural Ra\u00edz del Pueblo El Cabildo de Fuerteventura ha recibido [&hellip;]<\/p>\n","protected":false},"author":1,"featured_media":14049,"comment_status":"open","ping_status":"open","sticky":false,"template":"","format":"standard","meta":{"inline_featured_image":false,"jnews-multi-image_gallery":[],"jnews_single_post":[],"jnews_primary_category":[],"jnews_social_meta":[],"jnews_override_counter":[],"jnews_post_split":[],"footnotes":""},"categories":[58],"tags":[82],"class_list":["post-14047","post","type-post","status-publish","format-standard","has-post-thumbnail","hentry","category-cabildo","tag-fuerteventura"],"jetpack_featured_media_url":"https:\/\/informacionlocal.es\/wp-content\/uploads\/2025\/11\/1763130553-c3af28633cdcc3baff3cd737c3e7ee11.jpg","_links":{"self":[{"href":"https:\/\/informacionlocal.es\/de\/wp-json\/wp\/v2\/posts\/14047","targetHints":{"allow":["GET"]}}],"collection":[{"href":"https:\/\/informacionlocal.es\/de\/wp-json\/wp\/v2\/posts"}],"about":[{"href":"https:\/\/informacionlocal.es\/de\/wp-json\/wp\/v2\/types\/post"}],"author":[{"embeddable":true,"href":"https:\/\/informacionlocal.es\/de\/wp-json\/wp\/v2\/users\/1"}],"replies":[{"embeddable":true,"href":"https:\/\/informacionlocal.es\/de\/wp-json\/wp\/v2\/comments?post=14047"}],"version-history":[{"count":0,"href":"https:\/\/informacionlocal.es\/de\/wp-json\/wp\/v2\/posts\/14047\/revisions"}],"wp:featuredmedia":[{"embeddable":true,"href":"https:\/\/informacionlocal.es\/de\/wp-json\/wp\/v2\/media\/14049"}],"wp:attachment":[{"href":"https:\/\/informacionlocal.es\/de\/wp-json\/wp\/v2\/media?parent=14047"}],"wp:term":[{"taxonomy":"category","embeddable":true,"href":"https:\/\/informacionlocal.es\/de\/wp-json\/wp\/v2\/categories?post=14047"},{"taxonomy":"post_tag","embeddable":true,"href":"https:\/\/informacionlocal.es\/de\/wp-json\/wp\/v2\/tags?post=14047"}],"curies":[{"name":"wp","href":"https:\/\/api.w.org\/{rel}","templated":true}]}}