{"id":14025,"date":"2025-11-14T19:58:31","date_gmt":"2025-11-14T19:58:31","guid":{"rendered":"https:\/\/informacionlocal.es\/puerto-del-rosario-pone-en-marcha-el-programa-acuerparnos-talleres-de-autodefensa-feminista-y-comunitaria-para-mujeres-y-personas-lgtbia\/"},"modified":"2025-11-14T19:58:31","modified_gmt":"2025-11-14T19:58:31","slug":"puerto-del-rosario-pone-en-marcha-el-programa-acuerparnos-talleres-de-autodefensa-feminista-y-comunitaria-para-mujeres-y-personas-lgtbia","status":"publish","type":"post","link":"https:\/\/informacionlocal.es\/de\/puerto-del-rosario-pone-en-marcha-el-programa-acuerparnos-talleres-de-autodefensa-feminista-y-comunitaria-para-mujeres-y-personas-lgtbia\/","title":{"rendered":"Puerto del Rosario pone en marcha el programa \u201cAcuerpar(nos)\u201d, talleres de autodefensa feminista y comunitaria para mujeres y personas LGTBIA+"},"content":{"rendered":"<div class=\"entry-content\">\n<ul>\n<li><strong>La iniciativa se desarrollar\u00e1 todos los mi\u00e9rcoles, del 19 de noviembre de 2025 al 20 de mayo de 2026, en el Centro Cultural de La Charca<\/strong><\/li>\n<li><strong>El proyecto ofrece un espacio seguro para aprender a identificar, afrontar y responder a las violencias estructurales desde el cuerpo, la comunidad y el autocuidado<\/strong><\/li>\n<\/ul>\n<p><strong>En Puerto del Rosario, a 14 de noviembre de 2025.-<\/strong> El Ayuntamiento de Puerto del Rosario pone en marcha el programa \u201cAcuerpar(nos): Estrategias de autodefensa frente a las violencias estructurales\u201d, un ciclo de talleres dirigido a mujeres y personas del colectivo LGTBIA+ que buscan fortalecer su seguridad, su autonom\u00eda y sus redes de apoyo frente a distintas formas de violencia.<\/p>\n<p>Los encuentros se celebrar\u00e1n todos los mi\u00e9rcoles, desde el 19 de noviembre de 2025 hasta el 20 de mayo de 2026, en horario de 17:00 a 19:00 horas, en el Centro Cultural de La Charca. La participaci\u00f3n es gratuita, con inscripci\u00f3n previa y plazas limitadas.<\/p>\n<p><img loading=\"lazy\" decoding=\"async\" loading=\"lazy\" class=\"size-large wp-image-157689 aligncenter\" src=\"https:\/\/informacionlocal.es\/wp-content\/uploads\/2025\/11\/autodefensa-noviembre-2025-ayto-puerto-724x1024-1.png\" width=\"724\" height=\"1024\" title=\"autodefensa-noviembre-2025-ayto-puerto-724x1024-1\"><\/p>\n<p><strong>Un espacio seguro para aprender, compartir y acuerpar(se)<\/strong><\/p>\n<p>El programa ser\u00e1 impartido por Idaira Mart\u00edn Mart\u00ednez, periodista, experta en violencia machista, educadora sexual y cintur\u00f3n negro II DAN de Aikido, con una amplia trayectoria en proyectos de igualdad, prevenci\u00f3n y autodefensa feminista en Canarias y en el \u00e1mbito internacional.<\/p>\n<p>El alcalde de Puerto del Rosario, David de Vera, subray\u00f3 que este programa es \u201cmucho m\u00e1s que una formaci\u00f3n\u201d. \u201cQueremos que las mujeres y las personas del colectivo encuentren aqu\u00ed un espacio donde sentirse acompa\u00f1adas, reconocidas y fuertes. Sabemos que muchas viven situaciones que no siempre se ven ni se cuentan, y nuestro deber como instituci\u00f3n es abrir caminos para que puedan afrontarlas con apoyo, herramientas y sin miedo. La seguridad y el bienestar empiezan por sentir que no est\u00e1s sola.\u201d<\/p>\n<p><img loading=\"lazy\" decoding=\"async\" loading=\"lazy\" class=\"size-large wp-image-157690 aligncenter\" src=\"https:\/\/informacionlocal.es\/wp-content\/uploads\/2025\/11\/img_8652-768x1024-1.jpg\" width=\"768\" height=\"1024\" title=\"img_8652-768x1024-1\"><\/p>\n<p>Por su parte, la concejala de Igualdad, Tacoremi Guti\u00e9rrez, destac\u00f3 la importancia de trabajar la autodefensa desde un enfoque feminista y comunitario. En este sentido manifest\u00f3 que \u201clas violencias estructurales no se combaten solo con t\u00e9cnicas f\u00edsicas, sino entendiendo de d\u00f3nde vienen, aprendiendo a poner l\u00edmites y construyendo redes que sostienen. En estos talleres se habla desde la verdad, desde lo que muchas mujeres sienten cada d\u00eda cuando caminan por la calle, cuando son cuestionadas, cuando se enfrentan a situaciones normalizadas que no deber\u00edan serlo. Queremos que cada participante salga m\u00e1s segura, m\u00e1s consciente y m\u00e1s acompa\u00f1ada.\u201d<\/p>\n<p>Finalmente, Idaira Mart\u00edn, facilitadora del programa, explic\u00f3 la esencia de esta propuesta que ha acompa\u00f1ado ya a decenas de mujeres en distintas islas. \u201cLa autodefensa no va de pelear, va de entender, de sentir el cuerpo, de reconocer lo que te incomoda y de aprender a decir \u2018no\u2019 sin culpa. Va de saber que no eres t\u00fa la que tiene un problema: el problema es estructural. Y va, sobre todo, de tejer comunidad, de saber que si te pasa algo, no vas sola. Mi deseo es que cada mujer que entre a este taller encuentre un espacio seguro para nombrar lo que a veces da miedo, para re\u00edr, para sanar y para descubrir la fuerza que lleva dentro.\u201d<\/p>\n<p>Las personas interesadas pueden inscribirse a trav\u00e9s del formulario disponible en el cartel oficial o dirigi\u00e9ndose a la Concejal\u00eda de Igualdad del Ayuntamiento de Puerto del Rosario.<\/p>\n<div id=\"gallery-1\" class=\"gallery galleryid-157687 gallery-columns-2 gallery-size-full\">\n<dl class=\"gallery-item\">\n<dt class=\"gallery-icon portrait\"><img loading=\"lazy\" decoding=\"async\" width=\"1920\" height=\"2560\" src=\"https:\/\/informacionlocal.es\/wp-content\/uploads\/2025\/11\/img_8633-scaled-1.jpg\" class=\"attachment-full size-full\" loading=\"lazy\" title=\"img_8633-scaled-1\"><\/dt>\n<\/dl>\n<dl class=\"gallery-item\">\n<dt class=\"gallery-icon portrait\"><img loading=\"lazy\" decoding=\"async\" width=\"1920\" height=\"2560\" src=\"https:\/\/informacionlocal.es\/wp-content\/uploads\/2025\/11\/img_9174-scaled-1.jpg\" class=\"attachment-full size-full\" loading=\"lazy\" title=\"img_9174-scaled-1\"><\/dt>\n<\/dl>\n<p><\/div>\n<\/div>\n","protected":false},"excerpt":{"rendered":"<p>La iniciativa se desarrollar\u00e1 todos los mi\u00e9rcoles, del 19 de noviembre de 2025 al 20 de mayo de 2026, en el Centro Cultural de La Charca El proyecto ofrece un [&hellip;]<\/p>\n","protected":false},"author":1,"featured_media":14027,"comment_status":"open","ping_status":"open","sticky":false,"template":"","format":"standard","meta":{"inline_featured_image":false,"jnews-multi-image_gallery":[],"jnews_single_post":[],"jnews_primary_category":[],"jnews_social_meta":[],"jnews_override_counter":[],"jnews_post_split":[],"footnotes":""},"categories":[61],"tags":[],"class_list":["post-14025","post","type-post","status-publish","format-standard","has-post-thumbnail","hentry","category-puerto-del-rosario"],"jetpack_featured_media_url":"https:\/\/informacionlocal.es\/wp-content\/uploads\/2025\/11\/acuerparnos-1.png","_links":{"self":[{"href":"https:\/\/informacionlocal.es\/de\/wp-json\/wp\/v2\/posts\/14025","targetHints":{"allow":["GET"]}}],"collection":[{"href":"https:\/\/informacionlocal.es\/de\/wp-json\/wp\/v2\/posts"}],"about":[{"href":"https:\/\/informacionlocal.es\/de\/wp-json\/wp\/v2\/types\/post"}],"author":[{"embeddable":true,"href":"https:\/\/informacionlocal.es\/de\/wp-json\/wp\/v2\/users\/1"}],"replies":[{"embeddable":true,"href":"https:\/\/informacionlocal.es\/de\/wp-json\/wp\/v2\/comments?post=14025"}],"version-history":[{"count":0,"href":"https:\/\/informacionlocal.es\/de\/wp-json\/wp\/v2\/posts\/14025\/revisions"}],"wp:featuredmedia":[{"embeddable":true,"href":"https:\/\/informacionlocal.es\/de\/wp-json\/wp\/v2\/media\/14027"}],"wp:attachment":[{"href":"https:\/\/informacionlocal.es\/de\/wp-json\/wp\/v2\/media?parent=14025"}],"wp:term":[{"taxonomy":"category","embeddable":true,"href":"https:\/\/informacionlocal.es\/de\/wp-json\/wp\/v2\/categories?post=14025"},{"taxonomy":"post_tag","embeddable":true,"href":"https:\/\/informacionlocal.es\/de\/wp-json\/wp\/v2\/tags?post=14025"}],"curies":[{"name":"wp","href":"https:\/\/api.w.org\/{rel}","templated":true}]}}