{"id":14013,"date":"2025-11-14T17:58:42","date_gmt":"2025-11-14T17:58:42","guid":{"rendered":"https:\/\/informacionlocal.es\/el-ayuntamiento-de-antigua-anuncia-una-jornada-arqueologica-sobre-el-yacimiento-de-pozo-negro\/"},"modified":"2025-11-14T17:58:42","modified_gmt":"2025-11-14T17:58:42","slug":"el-ayuntamiento-de-antigua-anuncia-una-jornada-arqueologica-sobre-el-yacimiento-de-pozo-negro","status":"publish","type":"post","link":"https:\/\/informacionlocal.es\/de\/el-ayuntamiento-de-antigua-anuncia-una-jornada-arqueologica-sobre-el-yacimiento-de-pozo-negro\/","title":{"rendered":"El Ayuntamiento de Antigua anuncia una Jornada arqueol\u00f3gica sobre el Yacimiento de Pozo Negro"},"content":{"rendered":"<div class=\"elementor-widget-container\">\n<p><strong>El Ayuntamiento de Antigua anuncia una Jornada arqueol\u00f3gica sobre el Yacimiento de Pozo Negro<\/strong><\/p>\n<p><strong>\u2022 La charla tendr\u00eda lugar en el antiguo albergue de Pozo Negro, el pr\u00f3ximo mi\u00e9rcoles 19 de noviembre a las 17:00 horas, siendo impartida por la arque\u00f3loga Rosa Lopez Guerrero. <\/strong><br \/><strong>\u2022 Una charla explicativa sobre los resultados iniciales de los trabajos que se vienen realizando en el yacimiento arqueol\u00f3gico de Pozo Negro.<\/strong><\/p>\n<p>La concejala de Patrimonio Hist\u00f3rico del Ayuntamiento de Antigua, Sandra Torres Soto, anuncia la Jornada arqueol\u00f3gica sobre el yacimiento arqueol\u00f3gico en Pozo Negro, impartida por la propia arque\u00f3loga participante e impulsora inicial de estos trabajos, Rosa L\u00f3pez Guerrero.<\/p>\n<p>Un proyecto arqueol\u00f3gico en Pozo Negro, se\u00f1ala la concejal Torres, financiado por la Direcci\u00f3n General de Patrimonio Cultural del Gobierno de Canarias y que cuenta con la colaboraci\u00f3n del Cabildo de Fuerteventura y el Ayuntamiento de Antigua.<\/p>\n<p>El alcalde, Mat\u00edas Pe\u00f1a Garc\u00eda, agradece el compromiso y la disposici\u00f3n de la joven arque\u00f3loga Rosa L\u00f3pez que imparte esta charla explicativa, sobre los primeros indicios que promovieron estudios posteriores y finalmente los actuales trabajos en un yacimiento que sorprende a los especialistas por lo que descubre en cada avance.<\/p>\n<p>El objetivo de esta charla, abierta a todas las personas interesadas, especialmente a los vecinos y vecinas de Pozo Negro, es informar pero tambi\u00e9n buscar la implicaci\u00f3n de todos en proteger y respetar los l\u00edmites del yacimiento, cuyos trabajos se desarrollan en diferentes fases.<\/p>\n<p>Y concluye la concejala de Patrimonio Hist\u00f3rico de Antigua, Sandra Torres, debemos conservar el yacimiento, convertirnos en cuidadores de unos trabajos que son la puerta a la historia original de nuestra isla y del propio pueblo Pozo Negro.<\/p>\n<\/div>\n","protected":false},"excerpt":{"rendered":"<p><strong>El Ayuntamiento de Antigua anuncia una Jornada arqueol\u00f3gica sobre el Yacimiento de Pozo Negro<\/strong><\/p>\n","protected":false},"author":1,"featured_media":14015,"comment_status":"open","ping_status":"open","sticky":false,"template":"","format":"standard","meta":{"inline_featured_image":false,"jnews-multi-image_gallery":[],"jnews_single_post":[],"jnews_primary_category":[],"jnews_social_meta":[],"jnews_override_counter":[],"jnews_post_split":[],"footnotes":""},"categories":[59],"tags":[82],"class_list":["post-14013","post","type-post","status-publish","format-standard","has-post-thumbnail","hentry","category-antigua","tag-fuerteventura"],"jetpack_featured_media_url":"https:\/\/informacionlocal.es\/wp-content\/uploads\/2025\/11\/0-el-yacimiento-arqueologico-de-pozo-negro-ofrece-un-viaje-al-puerto-de-entrada-que-fue-de-primeras-culturas-y-civilizaciones-4-scaled-1.jpg","_links":{"self":[{"href":"https:\/\/informacionlocal.es\/de\/wp-json\/wp\/v2\/posts\/14013","targetHints":{"allow":["GET"]}}],"collection":[{"href":"https:\/\/informacionlocal.es\/de\/wp-json\/wp\/v2\/posts"}],"about":[{"href":"https:\/\/informacionlocal.es\/de\/wp-json\/wp\/v2\/types\/post"}],"author":[{"embeddable":true,"href":"https:\/\/informacionlocal.es\/de\/wp-json\/wp\/v2\/users\/1"}],"replies":[{"embeddable":true,"href":"https:\/\/informacionlocal.es\/de\/wp-json\/wp\/v2\/comments?post=14013"}],"version-history":[{"count":0,"href":"https:\/\/informacionlocal.es\/de\/wp-json\/wp\/v2\/posts\/14013\/revisions"}],"wp:featuredmedia":[{"embeddable":true,"href":"https:\/\/informacionlocal.es\/de\/wp-json\/wp\/v2\/media\/14015"}],"wp:attachment":[{"href":"https:\/\/informacionlocal.es\/de\/wp-json\/wp\/v2\/media?parent=14013"}],"wp:term":[{"taxonomy":"category","embeddable":true,"href":"https:\/\/informacionlocal.es\/de\/wp-json\/wp\/v2\/categories?post=14013"},{"taxonomy":"post_tag","embeddable":true,"href":"https:\/\/informacionlocal.es\/de\/wp-json\/wp\/v2\/tags?post=14013"}],"curies":[{"name":"wp","href":"https:\/\/api.w.org\/{rel}","templated":true}]}}