{"id":1400,"date":"2025-04-10T17:36:33","date_gmt":"2025-04-10T17:36:33","guid":{"rendered":"https:\/\/informacionlocal.es\/betancuria-meldet-der-abteilung-fuer-sicherheit-und-notfaelle-dass-die-schluchten-in-der-gemeinde-verlassen-wurden\/"},"modified":"2025-04-14T10:03:45","modified_gmt":"2025-04-14T10:03:45","slug":"betancuria-meldet-der-abteilung-fuer-sicherheit-und-notfaelle-dass-die-schluchten-in-der-gemeinde-verlassen-wurden","status":"publish","type":"post","link":"https:\/\/informacionlocal.es\/de\/betancuria-meldet-der-abteilung-fuer-sicherheit-und-notfaelle-dass-die-schluchten-in-der-gemeinde-verlassen-wurden\/","title":{"rendered":"Betancuria meldet der Abteilung f\u00fcr Sicherheit und Notf\u00e4lle, dass die Schluchten in der Gemeinde verlassen wurden."},"content":{"rendered":"<div class=\"inner-box\">\n<figure class=\"image-box\"><img fetchpriority=\"high\" decoding=\"async\" width=\"730\" height=\"500\" src=\"https:\/\/informacionlocal.es\/wp-content\/uploads\/2025\/04\/whatsapp-image-2024-11-27-at-18-15-35-730x500-2.jpeg\" class=\"attachment-whitehall_730x500 size-whitehall_730x500 wp-post-image\" title=\"whatsapp-image-2024-11-27-at-18-15-35-730x500-2\"><\/figure>\n<div class=\"post-date\">\n<h3>27Nov<span>&#8217;24<\/span><\/h3>\n<\/div>\n<div class=\"lower-content\">\n<div class=\"category\">Nachrichten, Ank\u00fcndigungen<\/div>\n<ul class=\"post-info clearfix\">\n<li>Presse<\/li>\n<li>0 Kommentar<\/li>\n<\/ul>\n<\/div>\n<p>Der B\u00fcrgermeister von Betancuria, Enrique Cerde\u00f1a M\u00e9ndez, hat einen Bericht der \u00f6rtlichen Polizei der Gemeinde an die Sicherheits- und Notfalldienste der Insel und der Region weitergeleitet. In diesem Bericht wird erneut auf die Verstopfung mehrerer Abschnitte verschiedener Schluchten in der Gemeinde hingewiesen, die auf die Vernachl\u00e4ssigung ihrer Reinigung und Wartung zur\u00fcckzuf\u00fchren ist. <\/p>\n<p>Im \u00dcbrigen ist dies nicht neu und wurde bereits mehrfach und auf Ersuchen mehrerer Nachbarn sowohl dem Wasserwirtschaftsamt der Insel als auch den Abteilungen f\u00fcr Umwelt und Sicherheit sowie f\u00fcr Notf\u00e4lle des Inselrats gemeldet, da die Gefahr bei sintflutartigen Regenf\u00e4llen offensichtlich ist.<\/p>\n<p>Bei dieser Gelegenheit wurde sie auch an den kanarischen Regierungsrat f\u00fcr Sicherheit und Notf\u00e4lle, Manuel Miranda, weitergeleitet, damit er sie kennt und entsprechende Pr\u00e4ventivma\u00dfnahmen ergreifen kann.<\/p>\n<\/div>\n","protected":false},"excerpt":{"rendered":"<p>27Nov&#8217;24 Nachrichten, Ank\u00fcndigungen Presse 0 Kommentar Der B\u00fcrgermeister von Betancuria, Enrique Cerde\u00f1a M\u00e9ndez, hat einen Bericht der \u00f6rtlichen Polizei der Gemeinde an die Sicherheits- und Notfalldienste der Insel und der [&hellip;]<\/p>\n","protected":false},"author":1,"featured_media":660,"comment_status":"open","ping_status":"open","sticky":false,"template":"","format":"standard","meta":{"inline_featured_image":false,"jnews-multi-image_gallery":[],"jnews_single_post":[],"jnews_primary_category":[],"jnews_social_meta":[],"jnews_override_counter":[],"jnews_post_split":[],"footnotes":""},"categories":[285],"tags":[196,197,199,218],"class_list":["post-1400","post","type-post","status-publish","format-standard","has-post-thumbnail","hentry","category-betancuria-de","tag-gemeinden","tag-offentliche-dienste","tag-umwelt","tag-verordnungen"],"jetpack_featured_media_url":"https:\/\/informacionlocal.es\/wp-content\/uploads\/2025\/04\/whatsapp-image-2024-11-27-at-18-15-35-730x500-1.jpeg","_links":{"self":[{"href":"https:\/\/informacionlocal.es\/de\/wp-json\/wp\/v2\/posts\/1400","targetHints":{"allow":["GET"]}}],"collection":[{"href":"https:\/\/informacionlocal.es\/de\/wp-json\/wp\/v2\/posts"}],"about":[{"href":"https:\/\/informacionlocal.es\/de\/wp-json\/wp\/v2\/types\/post"}],"author":[{"embeddable":true,"href":"https:\/\/informacionlocal.es\/de\/wp-json\/wp\/v2\/users\/1"}],"replies":[{"embeddable":true,"href":"https:\/\/informacionlocal.es\/de\/wp-json\/wp\/v2\/comments?post=1400"}],"version-history":[{"count":1,"href":"https:\/\/informacionlocal.es\/de\/wp-json\/wp\/v2\/posts\/1400\/revisions"}],"predecessor-version":[{"id":1686,"href":"https:\/\/informacionlocal.es\/de\/wp-json\/wp\/v2\/posts\/1400\/revisions\/1686"}],"wp:featuredmedia":[{"embeddable":true,"href":"https:\/\/informacionlocal.es\/de\/wp-json\/wp\/v2\/media\/660"}],"wp:attachment":[{"href":"https:\/\/informacionlocal.es\/de\/wp-json\/wp\/v2\/media?parent=1400"}],"wp:term":[{"taxonomy":"category","embeddable":true,"href":"https:\/\/informacionlocal.es\/de\/wp-json\/wp\/v2\/categories?post=1400"},{"taxonomy":"post_tag","embeddable":true,"href":"https:\/\/informacionlocal.es\/de\/wp-json\/wp\/v2\/tags?post=1400"}],"curies":[{"name":"wp","href":"https:\/\/api.w.org\/{rel}","templated":true}]}}