{"id":13949,"date":"2025-11-13T20:58:32","date_gmt":"2025-11-13T20:58:32","guid":{"rendered":"https:\/\/informacionlocal.es\/ultimos-dias-de-inscripcion-al-39a-encuentro-insular-de-villancicos-en-la-centenaria-iglesia-de-antigua\/"},"modified":"2025-11-13T20:58:32","modified_gmt":"2025-11-13T20:58:32","slug":"ultimos-dias-de-inscripcion-al-39a-encuentro-insular-de-villancicos-en-la-centenaria-iglesia-de-antigua","status":"publish","type":"post","link":"https:\/\/informacionlocal.es\/de\/ultimos-dias-de-inscripcion-al-39a-encuentro-insular-de-villancicos-en-la-centenaria-iglesia-de-antigua\/","title":{"rendered":"\u00daltimos d\u00edas de inscripci\u00f3n al 39\u00aa Encuentro Insular de Villancicos en la centenaria Iglesia de Antigua"},"content":{"rendered":"<div class=\"elementor-widget-container\">\n<p><strong>\u00daltimos d\u00edas de inscripci\u00f3n al 39\u00aa Encuentro Insular de Villancicos en la centenaria Iglesia de Antigua<\/strong><\/p>\n<p><strong>\u2022 Finaliza este viernes 14, incluido el plazo de inscripci\u00f3n de agrupaciones musicales de la isla, adultos e infantil, para participar en la trig\u00e9simo novena edici\u00f3n del Encuentro Insular de Villancicos que cumpliendo la tradici\u00f3n se celebra en la parroquia de Antigua.<\/strong><\/p>\n<p>El concejal de Cultura, Jonathan Pe\u00f1a, recuerda que este jueves 14 de noviembre finaliza el plazo para inscribirse en la trig\u00e9simo novena edici\u00f3n del Encuentro Insular de Villancicos, anunciando que este a\u00f1o superamos la previsi\u00f3n de agrupaciones musicales participantes.<\/p>\n<p>La agrupaci\u00f3n que se haya despistado y quiera participar, a\u00f1ade el concejal, tiene f\u00e1cil reaccionar e inscribirse en el departamento de Cultura del Ayuntamiento de Antigua, en el tel\u00e9fono 690685505 o dirigi\u00e9ndose al email fundacionmafasca@gmail.com<\/p>\n<p>El Ayuntamiento de Antigua dispone el transporte a colegios y centros de mayores participantes, facilit\u00e1ndoles as\u00ed el desplazamiento, y a\u00f1ade el alcalde, Mat\u00edas Pe\u00f1a Garc\u00eda, siendo recibidos con un chocolatito caliente dispuesto por la Fundaci\u00f3n Colectivo Mafasca, que organiza junto con la concejal\u00eda de Cultura, esta destacada y musical cita navide\u00f1a, a disfrutar por la ma\u00f1ana de los grupos m\u00e1s peque\u00f1os el jueves 11 y viernes 12 de diciembre, y de los grupos adultos el s\u00e1bado 13 por la tarde.<\/p>\n<p>\u00a0<\/p>\n<\/div>\n","protected":false},"excerpt":{"rendered":"<p><strong>\u00daltimos d\u00edas de inscripci\u00f3n al 39\u00aa Encuentro Insular de Villancicos en la centenaria Iglesia de Antigua<\/strong><\/p>\n","protected":false},"author":1,"featured_media":13951,"comment_status":"open","ping_status":"open","sticky":false,"template":"","format":"standard","meta":{"inline_featured_image":false,"jnews-multi-image_gallery":[],"jnews_single_post":[],"jnews_primary_category":[],"jnews_social_meta":[],"jnews_override_counter":[],"jnews_post_split":[],"footnotes":""},"categories":[59],"tags":[],"class_list":["post-13949","post","type-post","status-publish","format-standard","has-post-thumbnail","hentry","category-antigua"],"jetpack_featured_media_url":"https:\/\/informacionlocal.es\/wp-content\/uploads\/2025\/11\/imags-de-la-pasada-edicion-del-encuentro-insular-de-villancicos-1.jpg","_links":{"self":[{"href":"https:\/\/informacionlocal.es\/de\/wp-json\/wp\/v2\/posts\/13949","targetHints":{"allow":["GET"]}}],"collection":[{"href":"https:\/\/informacionlocal.es\/de\/wp-json\/wp\/v2\/posts"}],"about":[{"href":"https:\/\/informacionlocal.es\/de\/wp-json\/wp\/v2\/types\/post"}],"author":[{"embeddable":true,"href":"https:\/\/informacionlocal.es\/de\/wp-json\/wp\/v2\/users\/1"}],"replies":[{"embeddable":true,"href":"https:\/\/informacionlocal.es\/de\/wp-json\/wp\/v2\/comments?post=13949"}],"version-history":[{"count":0,"href":"https:\/\/informacionlocal.es\/de\/wp-json\/wp\/v2\/posts\/13949\/revisions"}],"wp:featuredmedia":[{"embeddable":true,"href":"https:\/\/informacionlocal.es\/de\/wp-json\/wp\/v2\/media\/13951"}],"wp:attachment":[{"href":"https:\/\/informacionlocal.es\/de\/wp-json\/wp\/v2\/media?parent=13949"}],"wp:term":[{"taxonomy":"category","embeddable":true,"href":"https:\/\/informacionlocal.es\/de\/wp-json\/wp\/v2\/categories?post=13949"},{"taxonomy":"post_tag","embeddable":true,"href":"https:\/\/informacionlocal.es\/de\/wp-json\/wp\/v2\/tags?post=13949"}],"curies":[{"name":"wp","href":"https:\/\/api.w.org\/{rel}","templated":true}]}}