{"id":13921,"date":"2025-11-13T16:58:48","date_gmt":"2025-11-13T16:58:48","guid":{"rendered":"https:\/\/informacionlocal.es\/antigua-suena-desde-este-sabado-noche-en-el-patio-de-la-biblioteca-el-porton\/"},"modified":"2025-11-13T16:58:48","modified_gmt":"2025-11-13T16:58:48","slug":"antigua-suena-desde-este-sabado-noche-en-el-patio-de-la-biblioteca-el-porton","status":"publish","type":"post","link":"https:\/\/informacionlocal.es\/de\/antigua-suena-desde-este-sabado-noche-en-el-patio-de-la-biblioteca-el-porton\/","title":{"rendered":"Antigua Suena desde este s\u00e1bado noche en el patio de la Biblioteca El Port\u00f3n"},"content":{"rendered":"<div class=\"elementor-widget-container\">\n<p><strong>Antigua Suena desde este s\u00e1bado noche en el patio de la Biblioteca El Port\u00f3n<\/strong><\/p>\n<p><strong>\u2022 Paula G\u00f3mez y Sergio Vargas, con voz, flauta y guitarra, inician el ciclo musical Antigua Suena este s\u00e1bado 15 de noviembre a las 20:00 horas en la Biblioteca El Port\u00f3n.<\/strong><\/p>\n<p><strong>\u2022 Comienza Antigua Suena, ofreciendo conciertos \u00edntimos y cercanos en el patio de la Biblioteca Municipal El Port\u00f3n.<\/strong><\/p>\n<p><strong>\u2022 La programaci\u00f3n se ha realizado bajado la direcci\u00f3n art\u00edstica de V\u00edctor Est\u00e1rico, a las 20:00 horas, los s\u00e1bados 15 y 22 de noviembre y los viernes 28 de noviembre y 5 de diciembre.<\/strong><\/p>\n<p>Volvemos a se\u00f1alar el patio de la Biblioteca de Antigua, como un lugar de encuentro, recogido y perfecto para disfrutar de eventos de calidad, de armon\u00edas cercanas, en esta ocasi\u00f3n con Antigua Suena, un programa art\u00edstico dirigido por el conocido timplista V\u00edctor Est\u00e1rico, afirma el concejal de Cultura, Jonathan Pe\u00f1a, dando comienzo este s\u00e1bado a las 20:00 horas con dos destacados m\u00fasicos canarios como Paula G\u00f3mez y Sergio Vargas.<\/p>\n<p>El alcalde, Mat\u00edas Pe\u00f1a Garc\u00eda, destaca el trabajo desarrollado desde la concejal\u00eda de Cultura en impulsar y fomentar eventos de calidad, desde cuenta cuentos, ciclos musicales, encuentros de artesan\u00eda, fomentando la lectura con adquisici\u00f3n de nuevos libros o impulsando la escuela municipal de m\u00fasica de Antigua, en un trabajo paralelo a las actividades cercanas programadas en cada centro cultural.<\/p>\n<p>Paula G\u00f3mez y Sergio Vargas con sus voces y m\u00fasica de guitarra y flauta inician este s\u00e1bado 15 Antigua Suena, continuando la programaci\u00f3n el 22 con Zaida Almeira y Jes\u00fas Ping\u00fcino ofreciendo el espect\u00e1culo Todo un poco de nosotros con sus cantos acompa\u00f1ados de guitarra y viol\u00edn, seguir\u00e1 el viernes 28 con Iv\u00e1n Quintana y cerrar\u00e1 el primer viernes de diciembre con Tom\u00e1s Perera, Ayla y Julia Rodr\u00edguez.<\/p>\n<\/div>\n","protected":false},"excerpt":{"rendered":"<p><strong>Antigua Suena desde este s\u00e1bado noche en el patio de la Biblioteca El Port\u00f3n<\/strong><\/p>\n","protected":false},"author":1,"featured_media":13923,"comment_status":"open","ping_status":"open","sticky":false,"template":"","format":"standard","meta":{"inline_featured_image":false,"jnews-multi-image_gallery":[],"jnews_single_post":[],"jnews_primary_category":[],"jnews_social_meta":[],"jnews_override_counter":[],"jnews_post_split":[],"footnotes":""},"categories":[59],"tags":[69],"class_list":["post-13921","post","type-post","status-publish","format-standard","has-post-thumbnail","hentry","category-antigua","tag-eventos"],"jetpack_featured_media_url":"https:\/\/informacionlocal.es\/wp-content\/uploads\/2025\/11\/antigua-suena-15-noviembre.jpeg","_links":{"self":[{"href":"https:\/\/informacionlocal.es\/de\/wp-json\/wp\/v2\/posts\/13921","targetHints":{"allow":["GET"]}}],"collection":[{"href":"https:\/\/informacionlocal.es\/de\/wp-json\/wp\/v2\/posts"}],"about":[{"href":"https:\/\/informacionlocal.es\/de\/wp-json\/wp\/v2\/types\/post"}],"author":[{"embeddable":true,"href":"https:\/\/informacionlocal.es\/de\/wp-json\/wp\/v2\/users\/1"}],"replies":[{"embeddable":true,"href":"https:\/\/informacionlocal.es\/de\/wp-json\/wp\/v2\/comments?post=13921"}],"version-history":[{"count":0,"href":"https:\/\/informacionlocal.es\/de\/wp-json\/wp\/v2\/posts\/13921\/revisions"}],"wp:featuredmedia":[{"embeddable":true,"href":"https:\/\/informacionlocal.es\/de\/wp-json\/wp\/v2\/media\/13923"}],"wp:attachment":[{"href":"https:\/\/informacionlocal.es\/de\/wp-json\/wp\/v2\/media?parent=13921"}],"wp:term":[{"taxonomy":"category","embeddable":true,"href":"https:\/\/informacionlocal.es\/de\/wp-json\/wp\/v2\/categories?post=13921"},{"taxonomy":"post_tag","embeddable":true,"href":"https:\/\/informacionlocal.es\/de\/wp-json\/wp\/v2\/tags?post=13921"}],"curies":[{"name":"wp","href":"https:\/\/api.w.org\/{rel}","templated":true}]}}