{"id":1392,"date":"2025-04-10T17:38:35","date_gmt":"2025-04-10T17:38:35","guid":{"rendered":"https:\/\/informacionlocal.es\/die-stadtverwaltung-von-pajara-eroeffnet-einen-freizeitraum-im-jugendzentrum-von-morro-jable\/"},"modified":"2025-04-14T10:01:35","modified_gmt":"2025-04-14T10:01:35","slug":"die-stadtverwaltung-von-pajara-eroeffnet-einen-freizeitraum-im-jugendzentrum-von-morro-jable","status":"publish","type":"post","link":"https:\/\/informacionlocal.es\/de\/die-stadtverwaltung-von-pajara-eroeffnet-einen-freizeitraum-im-jugendzentrum-von-morro-jable\/","title":{"rendered":"Die Stadtverwaltung von P\u00e1jara er\u00f6ffnet einen Freizeitraum im Jugendzentrum von Morro Jable"},"content":{"rendered":"<div class=\"entry-content\">\n<p><b><i>Der Raum bietet eine Vielzahl von Aktivit\u00e4ten, darunter Brettspiele, Tischfu\u00dfball, Tischtennis und Videospiele, um nur einige zu nennen.<\/i><\/b><\/p>\n<p><span>  Das Rathaus von P\u00e1jara k\u00fcndigt \u00fcber die Jugendabteilung die Er\u00f6ffnung eines neuen Freizeitraums im Jugendzentrum von Morro Jable an, ein innovativer Freizeitraum, der allen Besuchern offen steht. Ab Mittwoch, dem 2. April, k\u00f6nnen die Einwohner der Gemeinde P\u00e1jara moderne Freizeiteinrichtungen nutzen.   <\/span><\/p>\n<p><span>Dieser neue Raum soll ein Treffpunkt f\u00fcr Jugendliche, Erwachsene und Familien sein, mit einem breiten Angebot an Aktivit\u00e4ten. Die Nutzer k\u00f6nnen Brettspiele, Konsolen wie PlayStation 5 und Nintendo Switch mit verschiedenen Controllern, Computertische, Tischfu\u00dfball, Tischtennis, Darts und einen Retro-Automaten nutzen, um ein umfassendes Erlebnis f\u00fcr alle Geschm\u00e4cker zu gew\u00e4hrleisten.   <\/span><\/p>\n<p><span>Der Stadtrat f\u00fcr Jugend, Juan Jos\u00e9 Viera, zeigte sich begeistert von dem neuen Projekt. &#8222;Es handelt sich um einen Raum, der f\u00fcr alle gedacht ist, f\u00fcr Jung und Alt, und in dem wir eine gesunde Freizeitgestaltung und das Zusammenleben f\u00f6rdern wollen&#8220;. Er f\u00fcgte hinzu, dass &#8222;am Ende des Jahres alle Puzzles, die in diesem Raum gemacht wurden, in die Wand eingearbeitet werden, um ein kollektives Wandbild zu schaffen&#8220;.    <\/span><\/p>\n<p><span>Die Halle ist von Mittwoch bis Sonntag nachmittags von 16:30 bis 20:00 Uhr ge\u00f6ffnet.  <\/span><\/p>\n<p><img loading=\"lazy\" decoding=\"async\" loading=\"lazy\" class=\"alignnone size-medium wp-image-19991\" src=\"https:\/\/informacionlocal.es\/wp-content\/uploads\/2025\/04\/sala-de-ocio-2-300x225-1.jpeg\" width=\"300\" height=\"225\" title=\"sala-de-ocio-2-300x225-1\"><img loading=\"lazy\" decoding=\"async\" loading=\"lazy\" class=\"alignnone size-medium wp-image-19992\" src=\"https:\/\/informacionlocal.es\/wp-content\/uploads\/2025\/04\/sala-de-ocio-3-300x225-1.jpeg\" width=\"300\" height=\"225\" title=\"sala-de-ocio-3-300x225-1\"><\/p>\n<div>Teilen Sie<\/div>\n<\/div>\n","protected":false},"excerpt":{"rendered":"<p><i>Der Raum bietet eine Vielzahl von Aktivit\u00e4ten, darunter Brettspiele, Tischfu\u00dfball, Tischtennis und Videospiele, um nur einige zu nennen.<\/i><\/p>\n","protected":false},"author":1,"featured_media":666,"comment_status":"open","ping_status":"open","sticky":false,"template":"","format":"standard","meta":{"inline_featured_image":false,"jnews-multi-image_gallery":[],"jnews_single_post":[],"jnews_primary_category":[],"jnews_social_meta":[],"jnews_override_counter":[],"jnews_post_split":[],"footnotes":""},"categories":[297],"tags":[216,196,217,237],"class_list":["post-1392","post","type-post","status-publish","format-standard","has-post-thumbnail","hentry","category-pajara-de","tag-fuerteventura-de","tag-gemeinden","tag-kultur-und-freizeit","tag-veranstaltungen"],"jetpack_featured_media_url":"https:\/\/informacionlocal.es\/wp-content\/uploads\/2025\/04\/sala-de-ocio-1.jpeg","_links":{"self":[{"href":"https:\/\/informacionlocal.es\/de\/wp-json\/wp\/v2\/posts\/1392","targetHints":{"allow":["GET"]}}],"collection":[{"href":"https:\/\/informacionlocal.es\/de\/wp-json\/wp\/v2\/posts"}],"about":[{"href":"https:\/\/informacionlocal.es\/de\/wp-json\/wp\/v2\/types\/post"}],"author":[{"embeddable":true,"href":"https:\/\/informacionlocal.es\/de\/wp-json\/wp\/v2\/users\/1"}],"replies":[{"embeddable":true,"href":"https:\/\/informacionlocal.es\/de\/wp-json\/wp\/v2\/comments?post=1392"}],"version-history":[{"count":1,"href":"https:\/\/informacionlocal.es\/de\/wp-json\/wp\/v2\/posts\/1392\/revisions"}],"predecessor-version":[{"id":1664,"href":"https:\/\/informacionlocal.es\/de\/wp-json\/wp\/v2\/posts\/1392\/revisions\/1664"}],"wp:featuredmedia":[{"embeddable":true,"href":"https:\/\/informacionlocal.es\/de\/wp-json\/wp\/v2\/media\/666"}],"wp:attachment":[{"href":"https:\/\/informacionlocal.es\/de\/wp-json\/wp\/v2\/media?parent=1392"}],"wp:term":[{"taxonomy":"category","embeddable":true,"href":"https:\/\/informacionlocal.es\/de\/wp-json\/wp\/v2\/categories?post=1392"},{"taxonomy":"post_tag","embeddable":true,"href":"https:\/\/informacionlocal.es\/de\/wp-json\/wp\/v2\/tags?post=1392"}],"curies":[{"name":"wp","href":"https:\/\/api.w.org\/{rel}","templated":true}]}}