{"id":13897,"date":"2025-11-13T01:58:37","date_gmt":"2025-11-13T01:58:37","guid":{"rendered":"https:\/\/informacionlocal.es\/el-cabildo-completa-una-intensa-limpieza-y-desbroce-de-la-carretera-de-entrada-a-gran-tarajal-y-de-la-desembocadura-del-barranco\/"},"modified":"2025-11-13T01:58:37","modified_gmt":"2025-11-13T01:58:37","slug":"el-cabildo-completa-una-intensa-limpieza-y-desbroce-de-la-carretera-de-entrada-a-gran-tarajal-y-de-la-desembocadura-del-barranco","status":"publish","type":"post","link":"https:\/\/informacionlocal.es\/de\/el-cabildo-completa-una-intensa-limpieza-y-desbroce-de-la-carretera-de-entrada-a-gran-tarajal-y-de-la-desembocadura-del-barranco\/","title":{"rendered":"El Cabildo completa una intensa limpieza y desbroce de la carretera de entrada a Gran Tarajal y de la desembocadura del barranco"},"content":{"rendered":"<div class=\"entry-content\"><strong>12 noviembre, 2025<\/strong><\/p>\n<p><strong>Los trabajos, adscritos al programa \u2018Fuerteventura,<br \/>\nbonita por naturaleza\u2019, permiten hoy afrontar con mayor garant\u00eda los efectos de<br \/>\nla borrasca Claudia<\/strong><\/p>\n<p>El Servicio de Obras y Maquinaria del Cabildo, a trav\u00e9s<br \/>\ndel programa \u2018Fuerteventura, bonita por naturaleza\u2019, ha desarrollado una<br \/>\nintensa labor de limpieza y desbroce de los m\u00e1rgenes de la carretera de acceso<br \/>\na Gran Tarajal y de la desembocadura del barranco. Una acci\u00f3n de impacto que se<br \/>\nha hecho coincidir con las v\u00edsperas del festival Arena Negra y contribuir as\u00ed a<br \/>\nsu celebraci\u00f3n en condiciones \u00f3ptimas. Adem\u00e1s, este trabajo preventivo resulta<br \/>\nclave para evitar inundaciones ante alertas por fuertes borrasca como la<br \/>\nactual.<\/p>\n<p>La presidenta del Cabildo, resalta la importancia<br \/>\nde un mantenimiento integral de barrancos y cauces, para evitar incidentes<br \/>\ncuando lleguen las lluvias. Adem\u00e1s, apunta que \u201cse pretende mejorar la imagen<br \/>\nde la zona y la seguridad de la poblaci\u00f3n\u201d.<\/p>\n<p>El consejero de Obras y Maquinarias, por su parte,<br \/>\nBlas Acosta, pone en valor el trabajo desarrollado en la desembocadura del<br \/>\nbarranco de Gran Tarajal, donde la proliferaci\u00f3n de ca\u00f1averales imped\u00eda por<br \/>\ncompleto el paso de personas, adem\u00e1s de constituir un virtual muro que<br \/>\nprovocar\u00eda inundaciones en caso de fuertes lluvias, como sucede esta semana que<br \/>\nFuerteventura est\u00e1 en Alerta Naranja por la borrasca Claudia. Explica que \u201cel<br \/>\ntrabajo ha sido intenso, extenso y a conciencia para que Gran Tarajal luzca su<br \/>\nmejor imagen y refleje el orgullo de vivir, trabajar o visitar la localidad\u201d.<\/p>\n<p>El trabajo se centr\u00f3 en los arcenes de la carretera<br \/>\nde acceso a Gran Tarajal, donde se intervino en m\u00e1s de 3,5 kil\u00f3metros lineales<br \/>\nde v\u00eda despejando de maleza y basuras los m\u00e1rgenes de la carretera y liberando<br \/>\nde obstrucciones las canalizaciones de agua.<\/p>\n<p>Las cuadrillas del programa \u2018Fuerteventura, bonita<br \/>\npor naturaleza\u2019, encargo realizado por el Servicio de Obras y Maquinaria a su<br \/>\nmedio propio Gesti\u00f3n y Planeamiento Territorial y Medioambiental<br \/>\n(Gesplan), se han aplicado a fondo en la v\u00eda de acceso, donde se actu\u00f3 con<br \/>\nherramientas manuales y atendiendo al detalle para facilitar el tr\u00e1nsito de<br \/>\nveh\u00edculos y peatones y, adem\u00e1s, adecentar la v\u00eda desde el punto de vista<br \/>\nest\u00e9tico.<\/p>\n<p>Paralelamente, las cuadrillas se centraron en liberar<br \/>\nla desembocadura del puente del barranco para que el agua, en caso de lluvia por<br \/>\nuna fuerte borrasca como ocurre esta semana, pueda fluir y no provoque<br \/>\ninundaciones. \u201cEste tipo de acciones preventivas no tienen mucha visibilidad<br \/>\nante el ciudadano, pero sin duda son la clave para elevar el bienestar social<br \/>\nen la localidad y evitar situaciones indeseadas por acci\u00f3n de los elementos\u201d,<br \/>\npuntualiza Blas Acosta.<\/p>\n<p>El Servicio de Obras y Maquinaria del Cabildo, a<br \/>\ntrav\u00e9s de su medio propio Gesplan, desarrolla el programa \u2018Fuerteventura,<br \/>\nbonita por naturaleza\u2019 con actuaciones a largo de 15<br \/>\nmeses, entre 2024 y 2025. <\/p>\n<p>Durante ambos<br \/>\nejercicios se invertir\u00e1n cuatro millones de euros de financiaci\u00f3n propia en<br \/>\ncerca de un centenar de \u201cacciones de cercan\u00eda\u201d que inciden directamente en la<br \/>\nconservaci\u00f3n del entorno natural, en la buena percepci\u00f3n de los visitantes y en<br \/>\nla calidad de vida de los residentes.<\/p>\n<\/div>\n","protected":false},"excerpt":{"rendered":"<p>12 noviembre, 2025 Los trabajos, adscritos al programa \u2018Fuerteventura, bonita por naturaleza\u2019, permiten hoy afrontar con mayor garant\u00eda los efectos de la borrasca Claudia El Servicio de Obras y Maquinaria [&hellip;]<\/p>\n","protected":false},"author":1,"featured_media":13899,"comment_status":"open","ping_status":"open","sticky":false,"template":"","format":"standard","meta":{"inline_featured_image":false,"jnews-multi-image_gallery":[],"jnews_single_post":[],"jnews_primary_category":[],"jnews_social_meta":[],"jnews_override_counter":[],"jnews_post_split":[],"footnotes":""},"categories":[58],"tags":[82],"class_list":["post-13897","post","type-post","status-publish","format-standard","has-post-thumbnail","hentry","category-cabildo","tag-fuerteventura"],"jetpack_featured_media_url":"https:\/\/informacionlocal.es\/wp-content\/uploads\/2025\/11\/whatsapp-image-2025-11-12-at-12-40-25.jpeg","_links":{"self":[{"href":"https:\/\/informacionlocal.es\/de\/wp-json\/wp\/v2\/posts\/13897","targetHints":{"allow":["GET"]}}],"collection":[{"href":"https:\/\/informacionlocal.es\/de\/wp-json\/wp\/v2\/posts"}],"about":[{"href":"https:\/\/informacionlocal.es\/de\/wp-json\/wp\/v2\/types\/post"}],"author":[{"embeddable":true,"href":"https:\/\/informacionlocal.es\/de\/wp-json\/wp\/v2\/users\/1"}],"replies":[{"embeddable":true,"href":"https:\/\/informacionlocal.es\/de\/wp-json\/wp\/v2\/comments?post=13897"}],"version-history":[{"count":0,"href":"https:\/\/informacionlocal.es\/de\/wp-json\/wp\/v2\/posts\/13897\/revisions"}],"wp:featuredmedia":[{"embeddable":true,"href":"https:\/\/informacionlocal.es\/de\/wp-json\/wp\/v2\/media\/13899"}],"wp:attachment":[{"href":"https:\/\/informacionlocal.es\/de\/wp-json\/wp\/v2\/media?parent=13897"}],"wp:term":[{"taxonomy":"category","embeddable":true,"href":"https:\/\/informacionlocal.es\/de\/wp-json\/wp\/v2\/categories?post=13897"},{"taxonomy":"post_tag","embeddable":true,"href":"https:\/\/informacionlocal.es\/de\/wp-json\/wp\/v2\/tags?post=13897"}],"curies":[{"name":"wp","href":"https:\/\/api.w.org\/{rel}","templated":true}]}}