{"id":13891,"date":"2025-11-13T00:58:26","date_gmt":"2025-11-13T00:58:26","guid":{"rendered":"https:\/\/informacionlocal.es\/puerto-del-rosario-suscribe-una-adenda-al-convenio-de-colaboracion-con-la-aavv-la-rosa-del-centro-socio-cultural-de-fabelo\/"},"modified":"2025-11-13T00:58:26","modified_gmt":"2025-11-13T00:58:26","slug":"puerto-del-rosario-suscribe-una-adenda-al-convenio-de-colaboracion-con-la-aavv-la-rosa-del-centro-socio-cultural-de-fabelo","status":"publish","type":"post","link":"https:\/\/informacionlocal.es\/de\/puerto-del-rosario-suscribe-una-adenda-al-convenio-de-colaboracion-con-la-aavv-la-rosa-del-centro-socio-cultural-de-fabelo\/","title":{"rendered":"Puerto del Rosario suscribe una adenda al convenio de colaboraci\u00f3n con la AAVV \u201cLa rosa\u201d del centro socio-cultural de Fabelo"},"content":{"rendered":"<div class=\"entry-content\">\n<p>El convenio tiene por objeto regular las condiciones de uso p\u00fablico y abierto y el funcionamiento del Centro Sociocultural \u201cBarrio de Fabelo\u201d por parte de los firmantes. As\u00ed como regular las condiciones de uso p\u00fablico, funcionamiento y gesti\u00f3n compartida del Centro Sociocultural del Barrio de Fabelo, y la distribuci\u00f3n de los espacios entre las asociaciones firmantes: la Asociaci\u00f3n de Vecinos \u201cLa Rosa\u201d, representada por D\u00f1a. Mar\u00eda C\u00e1ceres. La \u201cAsociaci\u00f3n Majorera para la Diabetes\u201d, con la representaci\u00f3n de D\u00f1a. Josefa Bosch, y \u201cMajoreros Solidarios, ninguna Familia sin Alimentos\u201d representada por D\u00f1a. Eva Azurmendi.<\/p>\n<p>Asimismo, se establece que, una vez finalizada la relaci\u00f3n de colaboraci\u00f3n entre el Ayuntamiento de Puerto del Rosario con \u201cMajoreros Solidarios ninguna Familia sin Alimentos\u201d y la \u201cAsociaci\u00f3n Majorera para la Diabetes\u201d, las instalaciones actualmente asignadas a dichas entidades pasar\u00e1n a estar disponibles para su utilizaci\u00f3n preferente por parte de la Asociaci\u00f3n de Vecinos La Rosa.<\/p>\n<\/div>\n","protected":false},"excerpt":{"rendered":"<p>El convenio tiene por objeto regular las condiciones de uso p\u00fablico y abierto y el funcionamiento del Centro Sociocultural \u201cBarrio de Fabelo\u201d por parte de los firmantes. As\u00ed como regular [&hellip;]<\/p>\n","protected":false},"author":1,"featured_media":13893,"comment_status":"open","ping_status":"open","sticky":false,"template":"","format":"standard","meta":{"inline_featured_image":false,"jnews-multi-image_gallery":[],"jnews_single_post":[],"jnews_primary_category":[],"jnews_social_meta":[],"jnews_override_counter":[],"jnews_post_split":[],"footnotes":""},"categories":[61],"tags":[],"class_list":["post-13891","post","type-post","status-publish","format-standard","has-post-thumbnail","hentry","category-puerto-del-rosario"],"jetpack_featured_media_url":"https:\/\/informacionlocal.es\/wp-content\/uploads\/2025\/11\/convenio-la-rosa-1125.jpeg","_links":{"self":[{"href":"https:\/\/informacionlocal.es\/de\/wp-json\/wp\/v2\/posts\/13891","targetHints":{"allow":["GET"]}}],"collection":[{"href":"https:\/\/informacionlocal.es\/de\/wp-json\/wp\/v2\/posts"}],"about":[{"href":"https:\/\/informacionlocal.es\/de\/wp-json\/wp\/v2\/types\/post"}],"author":[{"embeddable":true,"href":"https:\/\/informacionlocal.es\/de\/wp-json\/wp\/v2\/users\/1"}],"replies":[{"embeddable":true,"href":"https:\/\/informacionlocal.es\/de\/wp-json\/wp\/v2\/comments?post=13891"}],"version-history":[{"count":0,"href":"https:\/\/informacionlocal.es\/de\/wp-json\/wp\/v2\/posts\/13891\/revisions"}],"wp:featuredmedia":[{"embeddable":true,"href":"https:\/\/informacionlocal.es\/de\/wp-json\/wp\/v2\/media\/13893"}],"wp:attachment":[{"href":"https:\/\/informacionlocal.es\/de\/wp-json\/wp\/v2\/media?parent=13891"}],"wp:term":[{"taxonomy":"category","embeddable":true,"href":"https:\/\/informacionlocal.es\/de\/wp-json\/wp\/v2\/categories?post=13891"},{"taxonomy":"post_tag","embeddable":true,"href":"https:\/\/informacionlocal.es\/de\/wp-json\/wp\/v2\/tags?post=13891"}],"curies":[{"name":"wp","href":"https:\/\/api.w.org\/{rel}","templated":true}]}}