{"id":13885,"date":"2025-11-12T23:58:51","date_gmt":"2025-11-12T23:58:51","guid":{"rendered":"https:\/\/informacionlocal.es\/tenicosquey-celebra-sus-fiestas-en-honor-a-san-martin-de-porres\/"},"modified":"2025-11-12T23:58:51","modified_gmt":"2025-11-12T23:58:51","slug":"tenicosquey-celebra-sus-fiestas-en-honor-a-san-martin-de-porres","status":"publish","type":"post","link":"https:\/\/informacionlocal.es\/de\/tenicosquey-celebra-sus-fiestas-en-honor-a-san-martin-de-porres\/","title":{"rendered":"Tenicosquey celebra sus Fiestas en honor a San Mart\u00edn de Porres"},"content":{"rendered":"<div class=\"elementor-widget-container\">\n<p><strong>Tenicosquey celebra sus Fiestas en honor a San Mart\u00edn de Porres<\/strong><br \/><strong>La humorista Omayra Cazorla y la Orquesta Jacomar este viernes en las Fiestas de Tenicosquey<\/strong><\/p>\n<p><strong>\u2022 Este viernes 14 de noviembre a las 19:00 horas, lectura del Preg\u00f3n a cargo de vecinos y vecinas de Tenicosquey.<\/strong><br \/><strong>\u2022 Tras el Preg\u00f3n, Brindis Popular y Scala Hi-Fi a cargo de los artistas del pueblo. <\/strong><br \/><strong>\u2022 La conocida humorista Omayra Cazorla este viernes 14 a las 21:00 horas en las Fiestas de Tenicosquey. <\/strong><br \/><strong>\u2022 La Orquesta jacomar protagoniza la Verbena de las Fiestas de Tenicosquey este viernes noche.<\/strong><\/p>\n<p>Tenicosquey celebra este fin de semana los actos principales de sus Fiestas en honor a San Mart\u00edn de Porres, organizadas por el Ayuntamiento de Antigua desde la concejal\u00eda de Festejos con la colaboraci\u00f3n de la Comisi\u00f3n de Fiestas.<\/p>\n<p>Este viernes 14 de noviembre es d\u00eda destacado por celebrar a las 19:00 horas el Preg\u00f3n a cargo de vecinos y vecinas del pueblo, anuncia el alcalde, Mat\u00edas Pe\u00f1a, ofreci\u00e9ndonos a continuaci\u00f3n un Brindis popular por las fiestas, por los que estas y por los que estuvieron.<\/p>\n<p>La Scala Hifi que le sigue al Preg\u00f3n con los mejores artistas del pueblo, seguro que ya despierta las risas y aplausos de muchos asistentes, se\u00f1ala el concejal de Festejos, Pedro M. Armas Mart\u00edn, la mejor manera de recibir a la popular humorista canaria Omayra Cazorla. El mismo viernes noche podremos disfrutar de la primera Verbena protagonizada por la Orquesta Jacomar, y a\u00f1ade el concejal, celebrando el segundo la Segunda Verbena de Tenicosquey el s\u00e1bado 15 desde las 22:00 horas con los grupos Gente Nueva y Nuevo Klan.<\/p>\n<p>La Verbena del s\u00e1bado noche ser\u00e1 precedida de un Baile de Taifas con las parrandas La Seren\u00e1 y Pal Porr\u00f3n, que dar\u00e1n la bienvenida a la Romer\u00eda de Tenicosquey con salida a las 16:00 horas. El s\u00e1bado por la ma\u00f1ana esta dedicado a la familia, concluye el concejal, disfrutando una emocionante carrera de Podencos a las 10:00 horas, y para los m\u00e1s peque\u00f1os y peque\u00f1as, Fiesta Infantil con colchonetas, pinta caras y ca\u00f1\u00f3n de espuma.<\/p>\n<p>\u00a0<\/p>\n<\/div>\n","protected":false},"excerpt":{"rendered":"<p><strong>Tenicosquey celebra sus Fiestas en honor a San Mart\u00edn de Porres<\/strong><\/p>\n","protected":false},"author":1,"featured_media":13887,"comment_status":"open","ping_status":"open","sticky":false,"template":"","format":"standard","meta":{"inline_featured_image":false,"jnews-multi-image_gallery":[],"jnews_single_post":[],"jnews_primary_category":[],"jnews_social_meta":[],"jnews_override_counter":[],"jnews_post_split":[],"footnotes":""},"categories":[59],"tags":[],"class_list":["post-13885","post","type-post","status-publish","format-standard","has-post-thumbnail","hentry","category-antigua"],"jetpack_featured_media_url":"https:\/\/informacionlocal.es\/wp-content\/uploads\/2025\/11\/tenicosquey-celebra-sus-fiestas-en-honor-a-san-martin-de-porres-1.jpg","_links":{"self":[{"href":"https:\/\/informacionlocal.es\/de\/wp-json\/wp\/v2\/posts\/13885","targetHints":{"allow":["GET"]}}],"collection":[{"href":"https:\/\/informacionlocal.es\/de\/wp-json\/wp\/v2\/posts"}],"about":[{"href":"https:\/\/informacionlocal.es\/de\/wp-json\/wp\/v2\/types\/post"}],"author":[{"embeddable":true,"href":"https:\/\/informacionlocal.es\/de\/wp-json\/wp\/v2\/users\/1"}],"replies":[{"embeddable":true,"href":"https:\/\/informacionlocal.es\/de\/wp-json\/wp\/v2\/comments?post=13885"}],"version-history":[{"count":0,"href":"https:\/\/informacionlocal.es\/de\/wp-json\/wp\/v2\/posts\/13885\/revisions"}],"wp:featuredmedia":[{"embeddable":true,"href":"https:\/\/informacionlocal.es\/de\/wp-json\/wp\/v2\/media\/13887"}],"wp:attachment":[{"href":"https:\/\/informacionlocal.es\/de\/wp-json\/wp\/v2\/media?parent=13885"}],"wp:term":[{"taxonomy":"category","embeddable":true,"href":"https:\/\/informacionlocal.es\/de\/wp-json\/wp\/v2\/categories?post=13885"},{"taxonomy":"post_tag","embeddable":true,"href":"https:\/\/informacionlocal.es\/de\/wp-json\/wp\/v2\/tags?post=13885"}],"curies":[{"name":"wp","href":"https:\/\/api.w.org\/{rel}","templated":true}]}}