{"id":13879,"date":"2025-11-12T22:58:36","date_gmt":"2025-11-12T22:58:36","guid":{"rendered":"https:\/\/informacionlocal.es\/el-cabildo-a-traves-de-la-junta-de-gobierno-del-ciaf-aprueba-la-autorizacion-de-la-ampliacion-y-mejora-de-la-depuradora-en-la-lajita\/"},"modified":"2025-11-12T22:58:36","modified_gmt":"2025-11-12T22:58:36","slug":"el-cabildo-a-traves-de-la-junta-de-gobierno-del-ciaf-aprueba-la-autorizacion-de-la-ampliacion-y-mejora-de-la-depuradora-en-la-lajita","status":"publish","type":"post","link":"https:\/\/informacionlocal.es\/de\/el-cabildo-a-traves-de-la-junta-de-gobierno-del-ciaf-aprueba-la-autorizacion-de-la-ampliacion-y-mejora-de-la-depuradora-en-la-lajita\/","title":{"rendered":"El Cabildo, a trav\u00e9s de la Junta de Gobierno del CIAF, aprueba la autorizaci\u00f3n de la ampliaci\u00f3n y mejora de la depuradora en La Lajita"},"content":{"rendered":"<div class=\"entry-content\"><strong>12 noviembre, 2025<\/strong><\/p>\n<p><strong><em>La autorizaci\u00f3n permitir\u00e1 mantener la capacidad de producci\u00f3n de 600 m\u00b3 diarios y reserva espacio para una futura ampliaci\u00f3n hasta los 1.200 m\u00b3<\/em><\/strong><\/p>\n<p>La Junta de Gobierno del Consejo Insular de Aguas de Fuerteventura (CIAF) ha aprobado la autorizaci\u00f3n de la ampliaci\u00f3n y mejora de la depuradora situada en la zona de La Lajita, en el municipio de P\u00e1jara.<\/p>\n<p>Esta instalaci\u00f3n cuenta con una capacidad de producci\u00f3n de 600 metros<sup>3<\/sup>\u00a0al d\u00eda, garantizando el suministro a la poblaci\u00f3n y actividades de la zona. Adem\u00e1s, el proyecto reserva un espacio adicional para una futura ampliaci\u00f3n hasta los 1.200 metros<sup>3<\/sup>\u00a0diarios, atendiendo a las previsiones de crecimiento urban\u00edstico y demogr\u00e1fico de la localidad.<\/p>\n<p>La presidenta insular, Lola Garc\u00eda, ha destacado esta nueva construcci\u00f3n como pieza fundamental para el servicio h\u00eddrico en el sur de la isla porque \u201cva a facilitar autorizar las nuevas licencias que est\u00e1n pendientes en el Ayuntamiento de P\u00e1jara, as\u00ed como la reutilizaci\u00f3n del ciclo del agua\u201d.<\/p>\n<p>La autorizaci\u00f3n otorgada por el CIAF establece un plazo m\u00e1ximo de 15 a\u00f1os para la explotaci\u00f3n de la planta, coincidiendo con la vida \u00fatil estimada de la infraestructura.<\/p>\n<\/div>\n","protected":false},"excerpt":{"rendered":"<p>12 noviembre, 2025 La autorizaci\u00f3n permitir\u00e1 mantener la capacidad de producci\u00f3n de 600 m\u00b3 diarios y reserva espacio para una futura ampliaci\u00f3n hasta los 1.200 m\u00b3 La Junta de Gobierno [&hellip;]<\/p>\n","protected":false},"author":1,"featured_media":13881,"comment_status":"open","ping_status":"open","sticky":false,"template":"","format":"standard","meta":{"inline_featured_image":false,"jnews-multi-image_gallery":[],"jnews_single_post":[],"jnews_primary_category":[],"jnews_social_meta":[],"jnews_override_counter":[],"jnews_post_split":[],"footnotes":""},"categories":[58],"tags":[82],"class_list":["post-13879","post","type-post","status-publish","format-standard","has-post-thumbnail","hentry","category-cabildo","tag-fuerteventura"],"jetpack_featured_media_url":"https:\/\/informacionlocal.es\/wp-content\/uploads\/2025\/11\/1762955557-142c92fc7eb12ef2094c4d20d02b785f.jpg","_links":{"self":[{"href":"https:\/\/informacionlocal.es\/de\/wp-json\/wp\/v2\/posts\/13879","targetHints":{"allow":["GET"]}}],"collection":[{"href":"https:\/\/informacionlocal.es\/de\/wp-json\/wp\/v2\/posts"}],"about":[{"href":"https:\/\/informacionlocal.es\/de\/wp-json\/wp\/v2\/types\/post"}],"author":[{"embeddable":true,"href":"https:\/\/informacionlocal.es\/de\/wp-json\/wp\/v2\/users\/1"}],"replies":[{"embeddable":true,"href":"https:\/\/informacionlocal.es\/de\/wp-json\/wp\/v2\/comments?post=13879"}],"version-history":[{"count":0,"href":"https:\/\/informacionlocal.es\/de\/wp-json\/wp\/v2\/posts\/13879\/revisions"}],"wp:featuredmedia":[{"embeddable":true,"href":"https:\/\/informacionlocal.es\/de\/wp-json\/wp\/v2\/media\/13881"}],"wp:attachment":[{"href":"https:\/\/informacionlocal.es\/de\/wp-json\/wp\/v2\/media?parent=13879"}],"wp:term":[{"taxonomy":"category","embeddable":true,"href":"https:\/\/informacionlocal.es\/de\/wp-json\/wp\/v2\/categories?post=13879"},{"taxonomy":"post_tag","embeddable":true,"href":"https:\/\/informacionlocal.es\/de\/wp-json\/wp\/v2\/tags?post=13879"}],"curies":[{"name":"wp","href":"https:\/\/api.w.org\/{rel}","templated":true}]}}