{"id":13861,"date":"2025-11-12T20:00:08","date_gmt":"2025-11-12T20:00:08","guid":{"rendered":"https:\/\/informacionlocal.es\/suspendidas-todas-las-actividades-municipales-previstas-para-este-jueves-en-el-municipio-de-antigua\/"},"modified":"2025-11-12T20:00:08","modified_gmt":"2025-11-12T20:00:08","slug":"suspendidas-todas-las-actividades-municipales-previstas-para-este-jueves-en-el-municipio-de-antigua","status":"publish","type":"post","link":"https:\/\/informacionlocal.es\/de\/suspendidas-todas-las-actividades-municipales-previstas-para-este-jueves-en-el-municipio-de-antigua\/","title":{"rendered":"Suspendidas todas las actividades municipales previstas para este jueves en el Municipio de Antigua"},"content":{"rendered":"<div class=\"elementor-widget-container\">\n<p><strong>Suspendidas todas las actividades municipales previstas para este jueves en el Municipio de Antigua<\/strong><\/p>\n<p><strong>\u2022 Antigua suspende para este jueves todas las actividades municipales, deportivas, culturales o de otra \u00edndole, que se ejerzan bajo techo o en el exterior<\/strong><\/p>\n<p>Ante las alertas meteorol\u00f3gicas previstas en Fuerteventura este jueves 13 de noviembre desde las 06:00 horas y cumpliendo con las recomendaciones de la Direcci\u00f3n General de Emergencias del Gobierno de Canarias, el Ayuntamiento de Antigua suspende todas las actividades organizadas hasta nuevo aviso.<\/p>\n<p>El Ayuntamiento de Antigua mantendr\u00e1 activa durante toda la jornada de Alerta meteorol\u00f3gica la coordinaci\u00f3n entre la concejal\u00eda de Seguridad y Emergencias con el servicio de Protecci\u00f3n Civil, as\u00ed como con los servicios de emergencia de Fuerteventura, la instituci\u00f3n insular, la Polic\u00eda Local de Antigua y dem\u00e1s cuerpos de seguridad del Estado, activos y preparados para responder con la mayor inmediatez ante cualquier incidencia.<\/p>\n<p>El Ayuntamiento de Antigua recomienda evitar desplazamientos, uso de veh\u00edculos, y la retirada de elementos externos sueltos que pudieran ser afectados o trasladados por el viento o la lluvia, as\u00ed como evitar transitar barrancos o charcas y disponer en todo momento de medios de comunicaci\u00f3n para estar informado o dar aviso de cualquier incidencia en el 112.<\/p>\n<\/div>\n","protected":false},"excerpt":{"rendered":"<p><strong>Suspendidas todas las actividades municipales previstas para este jueves en el Municipio de Antigua<\/strong><\/p>\n","protected":false},"author":1,"featured_media":13863,"comment_status":"open","ping_status":"open","sticky":false,"template":"","format":"standard","meta":{"inline_featured_image":false,"jnews-multi-image_gallery":[],"jnews_single_post":[],"jnews_primary_category":[],"jnews_social_meta":[],"jnews_override_counter":[],"jnews_post_split":[],"footnotes":""},"categories":[59],"tags":[82],"class_list":["post-13861","post","type-post","status-publish","format-standard","has-post-thumbnail","hentry","category-antigua","tag-fuerteventura"],"jetpack_featured_media_url":"https:\/\/informacionlocal.es\/wp-content\/uploads\/2025\/11\/20251112_resolucion_decreto-de-alcaldia-_-decreto-de-presidencia-_decreto-2025-2564-suspension-de-actividades-por-alerta-de-tormentas-y-lluvias-1-scaled-1.jpg","_links":{"self":[{"href":"https:\/\/informacionlocal.es\/de\/wp-json\/wp\/v2\/posts\/13861","targetHints":{"allow":["GET"]}}],"collection":[{"href":"https:\/\/informacionlocal.es\/de\/wp-json\/wp\/v2\/posts"}],"about":[{"href":"https:\/\/informacionlocal.es\/de\/wp-json\/wp\/v2\/types\/post"}],"author":[{"embeddable":true,"href":"https:\/\/informacionlocal.es\/de\/wp-json\/wp\/v2\/users\/1"}],"replies":[{"embeddable":true,"href":"https:\/\/informacionlocal.es\/de\/wp-json\/wp\/v2\/comments?post=13861"}],"version-history":[{"count":0,"href":"https:\/\/informacionlocal.es\/de\/wp-json\/wp\/v2\/posts\/13861\/revisions"}],"wp:featuredmedia":[{"embeddable":true,"href":"https:\/\/informacionlocal.es\/de\/wp-json\/wp\/v2\/media\/13863"}],"wp:attachment":[{"href":"https:\/\/informacionlocal.es\/de\/wp-json\/wp\/v2\/media?parent=13861"}],"wp:term":[{"taxonomy":"category","embeddable":true,"href":"https:\/\/informacionlocal.es\/de\/wp-json\/wp\/v2\/categories?post=13861"},{"taxonomy":"post_tag","embeddable":true,"href":"https:\/\/informacionlocal.es\/de\/wp-json\/wp\/v2\/tags?post=13861"}],"curies":[{"name":"wp","href":"https:\/\/api.w.org\/{rel}","templated":true}]}}