{"id":13855,"date":"2025-11-12T18:58:27","date_gmt":"2025-11-12T18:58:27","guid":{"rendered":"https:\/\/informacionlocal.es\/el-cabildo-activa-el-pein-debido-a-la-alerta-por-vientos-y-lluvia\/"},"modified":"2025-11-12T18:58:27","modified_gmt":"2025-11-12T18:58:27","slug":"el-cabildo-activa-el-pein-debido-a-la-alerta-por-vientos-y-lluvia","status":"publish","type":"post","link":"https:\/\/informacionlocal.es\/de\/el-cabildo-activa-el-pein-debido-a-la-alerta-por-vientos-y-lluvia\/","title":{"rendered":"El Cabildo activa el PEIN debido a la alerta por vientos y lluvia"},"content":{"rendered":"<div class=\"entry-content\"><strong>12 noviembre, 2025<\/strong><\/p>\n<p><strong><em>Se suspenden todos los eventos de p\u00fablica concurrencia, procediendo al<br \/>\ncierre de instalaciones del Cabildo y suspensi\u00f3n de actividades<\/em><\/strong><\/p>\n<p>Debido a la situaci\u00f3n de alerta por lluvias y por vientos, y ante<br \/>\nla declaraci\u00f3n del PEFMA por parte de la Direcci\u00f3n General de Emergencias del<br \/>\nGobierno de Canarias, el Cabildo de Fuerteventura ha activado el Plan<br \/>\nTerritorial Insular de Emergencias de Protecci\u00f3n Civil de la Isla de<br \/>\nFuerteventura (PEIN), en situaci\u00f3n de alerta, desde las 00.00 horas del 13 de noviembre.<\/p>\n<p>Por el momento, se suspenden todos los eventos de p\u00fablica<br \/>\nconcurrencia, medida que afecta las actividades organizadas por el Cabildo de<br \/>\nFuerteventura y las instalaciones dependientes del mismo, afectando as\u00ed a<br \/>\nmuseos, instalaciones deportivas y a toda la programaci\u00f3n dirigida al p\u00fablico<br \/>\nen general, durante toda la vigencia de la activaci\u00f3n del PEIN. <\/p>\n<p>El Cabildo activa el PEIN con el objetivo de planificar las actuaciones necesarias con el fin de poder dar una respuesta r\u00e1pida y eficaz ante cualquier emergencia que se produzca en Fuerteventura. <\/p>\n<p>La Corporaci\u00f3n insular agradece la colaboraci\u00f3n ciudadana en la toma de las precauciones pertinentes. Se insta a la poblaci\u00f3n a seguir los siguientes consejos de autoprotecci\u00f3n de la Direcci\u00f3n General de Emergencias: https:\/\/www.gobiernodecanarias.org\/emergencias\/alertas\/Alerta_vigente.html<\/p>\n<\/div>\n","protected":false},"excerpt":{"rendered":"<p>12 noviembre, 2025 Se suspenden todos los eventos de p\u00fablica concurrencia, procediendo al cierre de instalaciones del Cabildo y suspensi\u00f3n de actividades Debido a la situaci\u00f3n de alerta por lluvias [&hellip;]<\/p>\n","protected":false},"author":1,"featured_media":13857,"comment_status":"open","ping_status":"open","sticky":false,"template":"","format":"standard","meta":{"inline_featured_image":false,"jnews-multi-image_gallery":[],"jnews_single_post":[],"jnews_primary_category":[],"jnews_social_meta":[],"jnews_override_counter":[],"jnews_post_split":[],"footnotes":""},"categories":[58],"tags":[69,82],"class_list":["post-13855","post","type-post","status-publish","format-standard","has-post-thumbnail","hentry","category-cabildo","tag-eventos","tag-fuerteventura"],"jetpack_featured_media_url":"https:\/\/informacionlocal.es\/wp-content\/uploads\/2025\/11\/cartel-pein.jpeg","_links":{"self":[{"href":"https:\/\/informacionlocal.es\/de\/wp-json\/wp\/v2\/posts\/13855","targetHints":{"allow":["GET"]}}],"collection":[{"href":"https:\/\/informacionlocal.es\/de\/wp-json\/wp\/v2\/posts"}],"about":[{"href":"https:\/\/informacionlocal.es\/de\/wp-json\/wp\/v2\/types\/post"}],"author":[{"embeddable":true,"href":"https:\/\/informacionlocal.es\/de\/wp-json\/wp\/v2\/users\/1"}],"replies":[{"embeddable":true,"href":"https:\/\/informacionlocal.es\/de\/wp-json\/wp\/v2\/comments?post=13855"}],"version-history":[{"count":0,"href":"https:\/\/informacionlocal.es\/de\/wp-json\/wp\/v2\/posts\/13855\/revisions"}],"wp:featuredmedia":[{"embeddable":true,"href":"https:\/\/informacionlocal.es\/de\/wp-json\/wp\/v2\/media\/13857"}],"wp:attachment":[{"href":"https:\/\/informacionlocal.es\/de\/wp-json\/wp\/v2\/media?parent=13855"}],"wp:term":[{"taxonomy":"category","embeddable":true,"href":"https:\/\/informacionlocal.es\/de\/wp-json\/wp\/v2\/categories?post=13855"},{"taxonomy":"post_tag","embeddable":true,"href":"https:\/\/informacionlocal.es\/de\/wp-json\/wp\/v2\/tags?post=13855"}],"curies":[{"name":"wp","href":"https:\/\/api.w.org\/{rel}","templated":true}]}}