{"id":13837,"date":"2025-11-12T11:58:22","date_gmt":"2025-11-12T11:58:22","guid":{"rendered":"https:\/\/informacionlocal.es\/las-excavaciones-arqueologicas-de-lobos-i-podrian-llevarse-a-las-costas-de-corralejo\/"},"modified":"2025-11-12T11:58:22","modified_gmt":"2025-11-12T11:58:22","slug":"las-excavaciones-arqueologicas-de-lobos-i-podrian-llevarse-a-las-costas-de-corralejo","status":"publish","type":"post","link":"https:\/\/informacionlocal.es\/de\/las-excavaciones-arqueologicas-de-lobos-i-podrian-llevarse-a-las-costas-de-corralejo\/","title":{"rendered":"Las excavaciones arqueol\u00f3gicas de Lobos I podr\u00edan llevarse a las costas de Corralejo\ufeff"},"content":{"rendered":"<div class=\"entry-content\"><strong>12 noviembre, 2025<\/strong><\/p>\n<p><strong><em>Finaliza la d\u00e9cima campa\u00f1a en el yacimiento del Islote de Lobos, reconfirmando la presencia de materiales relacionados con el proceso de la p\u00farpura y actividades dom\u00e9sticas<\/em><\/strong><\/p>\n<p>El Cabildo de Fuerteventura y el organismo<br \/>\naut\u00f3nomo de Museos y Centros del Cabildo de Tenerife finalizan estos d\u00edas la<br \/>\nd\u00e9cima campa\u00f1a de excavaciones en el Islote de Lobos (La Oliva), uno de los<br \/>\nproyectos arqueol\u00f3gicos m\u00e1s trascendentales de Canarias. La campa\u00f1a se ha<br \/>\nrealizado durante tres semanas, en convenio entre ambas instituciones, contando<br \/>\nun equipo multidisciplinar de investigadores, arque\u00f3logos y especialistas en<br \/>\ndiferentes campos. Han participado, adem\u00e1s, colaboradores y amigos de los<br \/>\nmuseos arqueol\u00f3gicos de Fuerteventura y Tenerife.<\/p>\n<p>En su visita al yacimiento, el consejero de Patrimonio Hist\u00f3rico, Rayco Le\u00f3n, ha se\u00f1alado que \u201cesta campa\u00f1a sigue aportando informaci\u00f3n sobre la historia de Canarias, reestructurando todo nuestro pasado\u201d. \u201cSeguiremos invirtiendo en \u00e9l para poder seguir descubriendo y as\u00ed completar el puzzle\u201d, a\u00f1adi\u00f3 Le\u00f3n.<\/p>\n<p>El objetivo de esta d\u00e9cima campa\u00f1a ha consistido en delimitar y definir la extensi\u00f3n del yacimiento Lobos I, consistente en un taller de p\u00farpura romano. \u00a0Asimismo, se ha trabajado en torno a un horno situado en la parte norte del yacimiento, donde se ha registrado, como en anteriores excavaciones, materiales relacionados con la labor del proceso de la p\u00farpura, as\u00ed como objetos referentes a la actividad dom\u00e9stica como cer\u00e1mica, vajilla y restos relacionados con la alimentaci\u00f3n. <\/p>\n<p>La direcci\u00f3n de los trabajos recae en el<br \/>\ndirector del Museo Arqueol\u00f3gico de Fuerteventura, Isidoro Hern\u00e1ndez, la t\u00e9cnica<br \/>\ny conservadora en Arqueolog\u00eda del Museo Arqueol\u00f3gico de Tenerife, Mercedes del<br \/>\nArco, y la catedr\u00e1tica de Prehistoria, Carmen del Arco. <\/p>\n<p>Seg\u00fan los investigadores, se valora la<br \/>\nposibilidad de trasladar las excavaciones de una und\u00e9cima campa\u00f1a a las costas<br \/>\ndel norte de Fuerteventura, ya que las prospecciones realizadas en playas de<br \/>\nCorralejo indican la posible presencia de estas poblaciones romanizadas en<br \/>\ndicha zona.<\/p>\n<p>Por su parte, la investigadora del Museo<br \/>\nArqueol\u00f3gico de Tenerife, Carmen del Arco, ha indicado que \u201cse trata de un<br \/>\nespacio \u00fanico porque es una factor\u00eda de p\u00farpura get\u00falica y porque nos permite<br \/>\nreconocer varios aspectos sobre el proceso de explotaci\u00f3n econ\u00f3mica de los<br \/>\nrecursos del mar de Canarias en la antig\u00fcedad\u201d.<\/p>\n<p>La presente campa\u00f1a ha sido autorizada por la<br \/>\nDirecci\u00f3n General de Cultura y Patrimonio Cultural de Canarias. Colabora,<br \/>\nadem\u00e1s, BINTER Canarias, que sufraga los gastos del traslado del equipo y transporte<br \/>\nde los materiales.<\/p>\n<\/div>\n","protected":false},"excerpt":{"rendered":"<p>12 noviembre, 2025 Finaliza la d\u00e9cima campa\u00f1a en el yacimiento del Islote de Lobos, reconfirmando la presencia de materiales relacionados con el proceso de la p\u00farpura y actividades dom\u00e9sticas El [&hellip;]<\/p>\n","protected":false},"author":1,"featured_media":13839,"comment_status":"open","ping_status":"open","sticky":false,"template":"","format":"standard","meta":{"inline_featured_image":false,"jnews-multi-image_gallery":[],"jnews_single_post":[],"jnews_primary_category":[],"jnews_social_meta":[],"jnews_override_counter":[],"jnews_post_split":[],"footnotes":""},"categories":[58],"tags":[82],"class_list":["post-13837","post","type-post","status-publish","format-standard","has-post-thumbnail","hentry","category-cabildo","tag-fuerteventura"],"jetpack_featured_media_url":"https:\/\/informacionlocal.es\/wp-content\/uploads\/2025\/11\/1762942407-a47565182b788323267f7622a188850c.jpg","_links":{"self":[{"href":"https:\/\/informacionlocal.es\/de\/wp-json\/wp\/v2\/posts\/13837","targetHints":{"allow":["GET"]}}],"collection":[{"href":"https:\/\/informacionlocal.es\/de\/wp-json\/wp\/v2\/posts"}],"about":[{"href":"https:\/\/informacionlocal.es\/de\/wp-json\/wp\/v2\/types\/post"}],"author":[{"embeddable":true,"href":"https:\/\/informacionlocal.es\/de\/wp-json\/wp\/v2\/users\/1"}],"replies":[{"embeddable":true,"href":"https:\/\/informacionlocal.es\/de\/wp-json\/wp\/v2\/comments?post=13837"}],"version-history":[{"count":0,"href":"https:\/\/informacionlocal.es\/de\/wp-json\/wp\/v2\/posts\/13837\/revisions"}],"wp:featuredmedia":[{"embeddable":true,"href":"https:\/\/informacionlocal.es\/de\/wp-json\/wp\/v2\/media\/13839"}],"wp:attachment":[{"href":"https:\/\/informacionlocal.es\/de\/wp-json\/wp\/v2\/media?parent=13837"}],"wp:term":[{"taxonomy":"category","embeddable":true,"href":"https:\/\/informacionlocal.es\/de\/wp-json\/wp\/v2\/categories?post=13837"},{"taxonomy":"post_tag","embeddable":true,"href":"https:\/\/informacionlocal.es\/de\/wp-json\/wp\/v2\/tags?post=13837"}],"curies":[{"name":"wp","href":"https:\/\/api.w.org\/{rel}","templated":true}]}}