{"id":13831,"date":"2025-11-11T21:58:54","date_gmt":"2025-11-11T21:58:54","guid":{"rendered":"https:\/\/informacionlocal.es\/el-cabildo-de-fuerteventura-mantiene-un-seguimiento-de-la-borrasca-claudia\/"},"modified":"2025-11-11T21:58:54","modified_gmt":"2025-11-11T21:58:54","slug":"el-cabildo-de-fuerteventura-mantiene-un-seguimiento-de-la-borrasca-claudia","status":"publish","type":"post","link":"https:\/\/informacionlocal.es\/de\/el-cabildo-de-fuerteventura-mantiene-un-seguimiento-de-la-borrasca-claudia\/","title":{"rendered":"El Cabildo de Fuerteventura mantiene un seguimiento de la borrasca Claudia"},"content":{"rendered":"<div class=\"entry-content\"><strong>11 noviembre, 2025<\/strong><\/p>\n<p>Ante la situaci\u00f3n meteorol\u00f3gica generada por la borrasca Claudia,<br \/>\nel Cabildo de Fuerteventura informa que, tras analizar los \u00faltimos datos<br \/>\ndisponibles, se mantiene un seguimiento permanente de la evoluci\u00f3n del fen\u00f3meno<br \/>\ny una coordinaci\u00f3n constante con el resto de administraciones y servicios de<br \/>\nemergencia.<\/p>\n<p>Los avisos emitidos por la Agencia Estatal de Meteorolog\u00eda (AEMET)<br \/>\npara la isla de Fuerteventura alcanzan un nivel m\u00e1ximo amarillo por lluvias,<br \/>\nvientos, tormentas y fen\u00f3menos costeros. Asimismo, la Direcci\u00f3n General de<br \/>\nEmergencias del Gobierno de Canarias ha activado, a nivel auton\u00f3mico, el Plan<br \/>\nEspec\u00edfico de Emergencias de Canarias por Riesgos de Fen\u00f3menos Meteorol\u00f3gicos<br \/>\nAdversos (PEFMA) y el Plan Especial de Protecci\u00f3n Civil y Atenci\u00f3n de<br \/>\nEmergencias por Riesgo de Inundaciones (PEINCA) en fase de alerta.<\/p>\n<p>Desde el Cabildo se ha comunicado a todos los ayuntamientos de la<br \/>\nisla la importancia de mantener la m\u00e1xima precauci\u00f3n y reforzar los servicios<br \/>\np\u00fablicos esenciales, como Polic\u00eda Local, Protecci\u00f3n Civil y servicios de<br \/>\nmantenimiento, ante posibles incidencias que puedan derivarse de la evoluci\u00f3n<br \/>\nde la borrasca. Asimismo, se insta a las administraciones locales a adoptar<br \/>\nmedidas preventivas para reducir cualquier riesgo y garantizar la seguridad de<br \/>\nla poblaci\u00f3n.<\/p>\n<p>El Servicio de Seguridad y Emergencias del Cabildo de<br \/>\nFuerteventura, en estrecha coordinaci\u00f3n con el Centro Coordinador de<br \/>\nEmergencias y Seguridad (CECOES 1-1-2) y el resto de administraciones, mantiene<br \/>\nuna vigilancia continua de la evoluci\u00f3n meteorol\u00f3gica. Si se produjera un<br \/>\nempeoramiento de las condiciones, se adoptar\u00e1n de inmediato las medidas complementarias<br \/>\nnecesarias para garantizar la seguridad de la poblaci\u00f3n.<\/p>\n<p>Se ruega a la ciudadan\u00eda que permanezca atenta a las informaciones<br \/>\noficiales y siga en todo momento las recomendaciones de autoprotecci\u00f3n<br \/>\ndifundidas por las autoridades.<\/p>\n<\/div>\n","protected":false},"excerpt":{"rendered":"<p>11 noviembre, 2025 Ante la situaci\u00f3n meteorol\u00f3gica generada por la borrasca Claudia, el Cabildo de Fuerteventura informa que, tras analizar los \u00faltimos datos disponibles, se mantiene un seguimiento permanente de [&hellip;]<\/p>\n","protected":false},"author":1,"featured_media":13833,"comment_status":"open","ping_status":"open","sticky":false,"template":"","format":"standard","meta":{"inline_featured_image":false,"jnews-multi-image_gallery":[],"jnews_single_post":[],"jnews_primary_category":[],"jnews_social_meta":[],"jnews_override_counter":[],"jnews_post_split":[],"footnotes":""},"categories":[58],"tags":[82],"class_list":["post-13831","post","type-post","status-publish","format-standard","has-post-thumbnail","hentry","category-cabildo","tag-fuerteventura"],"jetpack_featured_media_url":"https:\/\/informacionlocal.es\/wp-content\/uploads\/2025\/11\/recomendaciones-lluvia.jpeg","_links":{"self":[{"href":"https:\/\/informacionlocal.es\/de\/wp-json\/wp\/v2\/posts\/13831","targetHints":{"allow":["GET"]}}],"collection":[{"href":"https:\/\/informacionlocal.es\/de\/wp-json\/wp\/v2\/posts"}],"about":[{"href":"https:\/\/informacionlocal.es\/de\/wp-json\/wp\/v2\/types\/post"}],"author":[{"embeddable":true,"href":"https:\/\/informacionlocal.es\/de\/wp-json\/wp\/v2\/users\/1"}],"replies":[{"embeddable":true,"href":"https:\/\/informacionlocal.es\/de\/wp-json\/wp\/v2\/comments?post=13831"}],"version-history":[{"count":0,"href":"https:\/\/informacionlocal.es\/de\/wp-json\/wp\/v2\/posts\/13831\/revisions"}],"wp:featuredmedia":[{"embeddable":true,"href":"https:\/\/informacionlocal.es\/de\/wp-json\/wp\/v2\/media\/13833"}],"wp:attachment":[{"href":"https:\/\/informacionlocal.es\/de\/wp-json\/wp\/v2\/media?parent=13831"}],"wp:term":[{"taxonomy":"category","embeddable":true,"href":"https:\/\/informacionlocal.es\/de\/wp-json\/wp\/v2\/categories?post=13831"},{"taxonomy":"post_tag","embeddable":true,"href":"https:\/\/informacionlocal.es\/de\/wp-json\/wp\/v2\/tags?post=13831"}],"curies":[{"name":"wp","href":"https:\/\/api.w.org\/{rel}","templated":true}]}}