{"id":1383,"date":"2025-04-10T18:58:49","date_gmt":"2025-04-10T18:58:49","guid":{"rendered":"https:\/\/informacionlocal.es\/die-outdoor-aktivitaeten-in-tuineje-werden-ausgesetzt\/"},"modified":"2025-04-14T10:04:20","modified_gmt":"2025-04-14T10:04:20","slug":"die-outdoor-aktivitaeten-in-tuineje-werden-ausgesetzt","status":"publish","type":"post","link":"https:\/\/informacionlocal.es\/de\/die-outdoor-aktivitaeten-in-tuineje-werden-ausgesetzt\/","title":{"rendered":"Die Outdoor-Aktivit\u00e4ten in Tuineje werden ausgesetzt."},"content":{"rendered":"<div class=\"article-content-inner\">\n<p>Die Stadtverwaltung von Tuineje informiert die \u00d6ffentlichkeit dar\u00fcber, dass aufgrund der Entwicklung des Sturms Olivier, der derzeit die Kanarischen Inseln heimsucht, <strong>alle Sporteinrichtungen und st\u00e4dtischen Freifl\u00e4chen vor\u00fcbergehend<\/strong> als Pr\u00e4ventivma\u00dfnahme <strong>geschlossen<\/strong> werden, um die Sicherheit der Bev\u00f6lkerung zu gew\u00e4hrleisten.<\/p>\n<p>Auch <strong>die II Feria Escolar de Salud Centro-Sur de Fuerteventura<\/strong>, die f\u00fcr den <strong>10. April auf dem zentralen Platz von Tarajalejo<\/strong> geplant war, musste <strong>verschoben werden<\/strong>. Der neue Termin wird bekannt gegeben, sobald die Wetterbedingungen es zulassen und die Sicherheit der Teilnehmer und Besucher gew\u00e4hrleistet ist. <\/p>\n<p>Die Stadtverwaltung appelliert an die \u00d6ffentlichkeit, in diesen Tagen \u00e4u\u00dferste Vorsicht walten zu lassen, unn\u00f6tige Fahrten zu vermeiden und sich \u00fcber die offiziellen Kan\u00e4le \u00fcber alle Aktualisierungen im Zusammenhang mit dieser ung\u00fcnstigen Wetterlage zu informieren.<\/p>\n<p>Wir danken allen unseren Nachbarn f\u00fcr ihr Verst\u00e4ndnis und ihre Zusammenarbeit.<\/p>\n<\/div>\n","protected":false},"excerpt":{"rendered":"<p>Die Stadtverwaltung von Tuineje informiert die \u00d6ffentlichkeit dar\u00fcber, dass aufgrund der Entwicklung des Sturms Olivier, der derzeit die Kanarischen Inseln heimsucht, alle Sporteinrichtungen und st\u00e4dtischen Freifl\u00e4chen vor\u00fcbergehend als Pr\u00e4ventivma\u00dfnahme geschlossen [&hellip;]<\/p>\n","protected":false},"author":1,"featured_media":684,"comment_status":"open","ping_status":"open","sticky":false,"template":"","format":"standard","meta":{"inline_featured_image":false,"jnews-multi-image_gallery":[],"jnews_single_post":[],"jnews_primary_category":[],"jnews_social_meta":[],"jnews_override_counter":[],"jnews_post_split":[],"footnotes":""},"categories":[299],"tags":[216,196,277,237,218],"class_list":["post-1383","post","type-post","status-publish","format-standard","has-post-thumbnail","hentry","category-tuineje-de","tag-fuerteventura-de","tag-gemeinden","tag-gesundheit","tag-veranstaltungen","tag-verordnungen"],"jetpack_featured_media_url":"https:\/\/informacionlocal.es\/wp-content\/uploads\/2025\/04\/aviso-post-6-e1744202838519.png","_links":{"self":[{"href":"https:\/\/informacionlocal.es\/de\/wp-json\/wp\/v2\/posts\/1383","targetHints":{"allow":["GET"]}}],"collection":[{"href":"https:\/\/informacionlocal.es\/de\/wp-json\/wp\/v2\/posts"}],"about":[{"href":"https:\/\/informacionlocal.es\/de\/wp-json\/wp\/v2\/types\/post"}],"author":[{"embeddable":true,"href":"https:\/\/informacionlocal.es\/de\/wp-json\/wp\/v2\/users\/1"}],"replies":[{"embeddable":true,"href":"https:\/\/informacionlocal.es\/de\/wp-json\/wp\/v2\/comments?post=1383"}],"version-history":[{"count":1,"href":"https:\/\/informacionlocal.es\/de\/wp-json\/wp\/v2\/posts\/1383\/revisions"}],"predecessor-version":[{"id":1706,"href":"https:\/\/informacionlocal.es\/de\/wp-json\/wp\/v2\/posts\/1383\/revisions\/1706"}],"wp:featuredmedia":[{"embeddable":true,"href":"https:\/\/informacionlocal.es\/de\/wp-json\/wp\/v2\/media\/684"}],"wp:attachment":[{"href":"https:\/\/informacionlocal.es\/de\/wp-json\/wp\/v2\/media?parent=1383"}],"wp:term":[{"taxonomy":"category","embeddable":true,"href":"https:\/\/informacionlocal.es\/de\/wp-json\/wp\/v2\/categories?post=1383"},{"taxonomy":"post_tag","embeddable":true,"href":"https:\/\/informacionlocal.es\/de\/wp-json\/wp\/v2\/tags?post=1383"}],"curies":[{"name":"wp","href":"https:\/\/api.w.org\/{rel}","templated":true}]}}