{"id":1381,"date":"2025-04-10T17:40:36","date_gmt":"2025-04-10T17:40:36","guid":{"rendered":"https:\/\/informacionlocal.es\/lola-garcia-der-medizinische-hubschrauber-auf-fuerteventura-wird-bald-realitaet-sein\/"},"modified":"2025-04-14T10:00:56","modified_gmt":"2025-04-14T10:00:56","slug":"lola-garcia-der-medizinische-hubschrauber-auf-fuerteventura-wird-bald-realitaet-sein","status":"publish","type":"post","link":"https:\/\/informacionlocal.es\/de\/lola-garcia-der-medizinische-hubschrauber-auf-fuerteventura-wird-bald-realitaet-sein\/","title":{"rendered":"Lola Garc\u00eda: &#8222;Der medizinische Hubschrauber auf Fuerteventura wird bald Realit\u00e4t sein&#8220;."},"content":{"rendered":"<div class=\"entry-content\"><strong>9 April, 2025<\/strong><\/p>\n<p><strong><em>Der Pr\u00e4sident des Cabildo nahm an der Arbeitssitzung mit dem stellvertretenden Gesundheitsminister Carlos D\u00edaz teil, der ank\u00fcndigte, dass die Ausschreibung innerhalb eines Monats erfolgen wird.<\/em><\/strong><\/p>\n<p>Der auf Fuerteventura stationierte medizinische Hubschrauber wird bald Realit\u00e4t sein. Dies verk\u00fcndete der stellvertretende Gesundheitsminister der Kanarischen Regierung und Direktor des Kanarischen Gesundheitsdienstes, Carlos D\u00edaz, gegen\u00fcber der Pr\u00e4sidentin des Cabildo, Lola Garc\u00eda, bei einem Arbeitstreffen im Allgemeinen Krankenhaus von Fuerteventura. <\/p>\n<p>Da die Ausschreibung f\u00fcr diesen Dienst im vergangenen Jahr nicht erfolgreich war, hat die kanarische Regierung das Projekt angepasst und die finanziellen Mittel aufgestockt, um es in weniger als einem Monat erneut ausschreiben zu k\u00f6nnen, wie auf der Sitzung berichtet wurde.<\/p>\n<p>Auf diese Weise feiert Lola Garc\u00eda die Tatsache, dass das Gesundheitsministerium der Kanarischen Regierung eine lebenserhaltende Ma\u00dfnahme reaktiviert hat, die schon immer eine historische Forderung der Gesellschaft von Fuerteventura war und die nun endlich auf Fuerteventura Realit\u00e4t wird.<\/p>\n<p>&#8222;Dies wird die Qualit\u00e4t der Versorgung in Notf\u00e4llen verbessern&#8220;, erkl\u00e4rte der Inselpr\u00e4sident, der auch die Notwendigkeit betonte, weiter an der Reduzierung der Wartelisten auf der Insel zu arbeiten, in einer Sitzung, an der die Leiter und Managementteams der verschiedenen \u00f6ffentlichen Krankenh\u00e4user des Archipels und der Direktor des Gesundheitsbereichs von Fuerteventura, Tom\u00e1s P\u00e9rez, teilnahmen, um die Daten \u00fcber die von allen Krankenhausleitungen der SCS durchgef\u00fchrte Versorgung zu analysieren.<\/p>\n<p>Lola Garc\u00eda bekr\u00e4ftigte gegen\u00fcber der kanarischen Regierung die Dringlichkeit eines CAE im S\u00fcden der Insel, das bereits mit Studien begonnen hat, um es bald ausschreiben zu k\u00f6nnen, sowie weiterer Gesundheitszentren auf der ganzen Insel, in der Hoffnung, dass diese Projekte noch in diesem Jahr gef\u00f6rdert werden k\u00f6nnen.<\/p>\n<p>Lola Garc\u00eda hebt auch die deutliche Verbesserung des Gesundheitsmanagements auf Fuerteventura durch die Einf\u00fchrung des Unified Clinical History Viewer hervor, der seit diesem Jahr im Allgemeinen Krankenhaus von Fuerteventura und in den Gesundheitszentren eingesetzt wird. Dieses System erm\u00f6glicht es \u00c4rzten und Krankenschwestern, in Echtzeit und von jedem Ort des Archipels aus auf alle klinischen Informationen eines Patienten zuzugreifen und so eine schnellere und effizientere Versorgung zu gew\u00e4hrleisten. <\/p>\n<p>Auf der Sitzung wurde auch eine Bilanz der Patienten gezogen, die die im Juni 2022 eingerichtete Abteilung f\u00fcr Strahlentherapie des Allgemeinen Krankenhauses von Fuerteventura nutzen. Seit Beginn der T\u00e4tigkeit bis zum 31. Dezember 2024 wurden 490 Patienten behandelt und insgesamt 6.495 Strahlentherapiesitzungen durchgef\u00fchrt. Dar\u00fcber hinaus wurden in diesem Zeitraum rund 3.100 aufeinanderfolgende Kontrolluntersuchungen durchgef\u00fchrt.  <\/p>\n<\/div>\n","protected":false},"excerpt":{"rendered":"<p><em>Der Pr\u00e4sident des Cabildo nahm an der Arbeitssitzung mit dem stellvertretenden Gesundheitsminister Carlos D\u00edaz teil, der ank\u00fcndigte, dass die Ausschreibung innerhalb eines Monats erfolgen wird.<\/em><\/p>\n","protected":false},"author":1,"featured_media":675,"comment_status":"open","ping_status":"open","sticky":false,"template":"","format":"standard","meta":{"inline_featured_image":false,"jnews-multi-image_gallery":[],"jnews_single_post":[],"jnews_primary_category":[],"jnews_social_meta":[],"jnews_override_counter":[],"jnews_post_split":[],"footnotes":""},"categories":[287],"tags":[216,277,197,199,237],"class_list":["post-1381","post","type-post","status-publish","format-standard","has-post-thumbnail","hentry","category-cabildo-de","tag-fuerteventura-de","tag-gesundheit","tag-offentliche-dienste","tag-umwelt","tag-veranstaltungen"],"jetpack_featured_media_url":"https:\/\/informacionlocal.es\/wp-content\/uploads\/2025\/04\/1744206695-aa130a6b6c7157dc2f49bc539b403111.jpg","_links":{"self":[{"href":"https:\/\/informacionlocal.es\/de\/wp-json\/wp\/v2\/posts\/1381","targetHints":{"allow":["GET"]}}],"collection":[{"href":"https:\/\/informacionlocal.es\/de\/wp-json\/wp\/v2\/posts"}],"about":[{"href":"https:\/\/informacionlocal.es\/de\/wp-json\/wp\/v2\/types\/post"}],"author":[{"embeddable":true,"href":"https:\/\/informacionlocal.es\/de\/wp-json\/wp\/v2\/users\/1"}],"replies":[{"embeddable":true,"href":"https:\/\/informacionlocal.es\/de\/wp-json\/wp\/v2\/comments?post=1381"}],"version-history":[{"count":1,"href":"https:\/\/informacionlocal.es\/de\/wp-json\/wp\/v2\/posts\/1381\/revisions"}],"predecessor-version":[{"id":1650,"href":"https:\/\/informacionlocal.es\/de\/wp-json\/wp\/v2\/posts\/1381\/revisions\/1650"}],"wp:featuredmedia":[{"embeddable":true,"href":"https:\/\/informacionlocal.es\/de\/wp-json\/wp\/v2\/media\/675"}],"wp:attachment":[{"href":"https:\/\/informacionlocal.es\/de\/wp-json\/wp\/v2\/media?parent=1381"}],"wp:term":[{"taxonomy":"category","embeddable":true,"href":"https:\/\/informacionlocal.es\/de\/wp-json\/wp\/v2\/categories?post=1381"},{"taxonomy":"post_tag","embeddable":true,"href":"https:\/\/informacionlocal.es\/de\/wp-json\/wp\/v2\/tags?post=1381"}],"curies":[{"name":"wp","href":"https:\/\/api.w.org\/{rel}","templated":true}]}}