{"id":13801,"date":"2025-11-11T16:58:23","date_gmt":"2025-11-11T16:58:23","guid":{"rendered":"https:\/\/informacionlocal.es\/el-cabildo-fomenta-la-modernizacion-del-regadio-en-fuerteventura-a-traves-de-cursos-formativos\/"},"modified":"2025-11-11T16:58:23","modified_gmt":"2025-11-11T16:58:23","slug":"el-cabildo-fomenta-la-modernizacion-del-regadio-en-fuerteventura-a-traves-de-cursos-formativos","status":"publish","type":"post","link":"https:\/\/informacionlocal.es\/de\/el-cabildo-fomenta-la-modernizacion-del-regadio-en-fuerteventura-a-traves-de-cursos-formativos\/","title":{"rendered":"El Cabildo fomenta la modernizaci\u00f3n del regad\u00edo en Fuerteventura a trav\u00e9s de cursos formativos"},"content":{"rendered":"<div class=\"entry-content\"><strong>11 noviembre, 2025<\/strong><\/p>\n<p><strong><em>La formaci\u00f3n refuerza la gesti\u00f3n eficiente del agua y el<br \/>\ncompromiso ambiental del sector agrario<\/em><\/strong><\/p>\n<p>El Cabildo de Fuerteventura, a trav\u00e9s del CAAF, impulsa el curso<br \/>\n\u201cMejora de la eficiencia del regad\u00edo y su gesti\u00f3n ambiental y su gesti\u00f3n<br \/>\nambiental en el marco del C\u00f3digo de Buenas Pr\u00e1cticas Agrarias\u201d, una iniciativa<br \/>\nformativa que busca promover un uso m\u00e1s eficiente, sostenible y responsable del<br \/>\nagua y los recursos agrarios en la isla.<\/p>\n<p>El curso general, de 20 horas de duraci\u00f3n, se celebrar\u00e1 entre los<br \/>\nd\u00edas 10 y 14 de noviembre, en horario de 16.00 a 20.00 horas, y abordar\u00e1<br \/>\ncontenidos relacionados con la conservaci\u00f3n y calidad del suelo, el c\u00e1lculo del<br \/>\nbalance h\u00eddrico y las necesidades de riego, la agricultura de precisi\u00f3n, el uso<br \/>\nresponsable de plaguicidas, entre otros. Esta formaci\u00f3n ofrecer\u00e1 una visi\u00f3n<br \/>\nintegral de las buenas pr\u00e1cticas agr\u00edcolas y su aplicaci\u00f3n en la realidad<br \/>\nagraria de Fuerteventura, combinando teor\u00eda y casos pr\u00e1cticos.<\/p>\n<p>Posteriormente, del 24 al 28 de noviembre, se impartir\u00e1n varios<br \/>\ncursos espec\u00edficos de ocho horas de duraci\u00f3n, en horario de 16.00 a 21.00 horas.<br \/>\nSe centrar\u00e1n en la implementaci\u00f3n de medidas para la sostenibilidad ecol\u00f3gica<br \/>\nde los paisajes agrarios de regad\u00edo, las estaciones de control de retornos de<br \/>\nriego con drenaje subsuperficial y las estaciones de control de calidad de las<br \/>\naguas de entrada de riego provenientes de fuentes alternativas, como<br \/>\ndepuradoras, desalinizadoras o mezclas.<\/p>\n<p>Las sesiones formativas se desarrollar\u00e1n en Gran Tarajal, en el municipio de Tuineje. El proyecto se ejecuta en colaboraci\u00f3n con Sociedad Mercantil Estatal de Infraestructuras Agrarias (SEIASA) y forma parte del \u2018Plan para la mejora de la eficiencia y la sostenibilidad en regad\u00edos\u2019, incluido en el Plan de Recuperaci\u00f3n, Transformaci\u00f3n y Resiliencia de la econom\u00eda espa\u00f1ola, siendo financiado por la Uni\u00f3n Europea-NextGenerationEU.<\/p>\n<\/div>\n","protected":false},"excerpt":{"rendered":"<p>11 noviembre, 2025 La formaci\u00f3n refuerza la gesti\u00f3n eficiente del agua y el compromiso ambiental del sector agrario El Cabildo de Fuerteventura, a trav\u00e9s del CAAF, impulsa el curso \u201cMejora [&hellip;]<\/p>\n","protected":false},"author":1,"featured_media":13803,"comment_status":"open","ping_status":"open","sticky":false,"template":"","format":"standard","meta":{"inline_featured_image":false,"jnews-multi-image_gallery":[],"jnews_single_post":[],"jnews_primary_category":[],"jnews_social_meta":[],"jnews_override_counter":[],"jnews_post_split":[],"footnotes":""},"categories":[58],"tags":[385,82],"class_list":["post-13801","post","type-post","status-publish","format-standard","has-post-thumbnail","hentry","category-cabildo","tag-agricultura","tag-fuerteventura"],"jetpack_featured_media_url":"https:\/\/informacionlocal.es\/wp-content\/uploads\/2025\/11\/curso-regadc3ado-3.jpg","_links":{"self":[{"href":"https:\/\/informacionlocal.es\/de\/wp-json\/wp\/v2\/posts\/13801","targetHints":{"allow":["GET"]}}],"collection":[{"href":"https:\/\/informacionlocal.es\/de\/wp-json\/wp\/v2\/posts"}],"about":[{"href":"https:\/\/informacionlocal.es\/de\/wp-json\/wp\/v2\/types\/post"}],"author":[{"embeddable":true,"href":"https:\/\/informacionlocal.es\/de\/wp-json\/wp\/v2\/users\/1"}],"replies":[{"embeddable":true,"href":"https:\/\/informacionlocal.es\/de\/wp-json\/wp\/v2\/comments?post=13801"}],"version-history":[{"count":0,"href":"https:\/\/informacionlocal.es\/de\/wp-json\/wp\/v2\/posts\/13801\/revisions"}],"wp:featuredmedia":[{"embeddable":true,"href":"https:\/\/informacionlocal.es\/de\/wp-json\/wp\/v2\/media\/13803"}],"wp:attachment":[{"href":"https:\/\/informacionlocal.es\/de\/wp-json\/wp\/v2\/media?parent=13801"}],"wp:term":[{"taxonomy":"category","embeddable":true,"href":"https:\/\/informacionlocal.es\/de\/wp-json\/wp\/v2\/categories?post=13801"},{"taxonomy":"post_tag","embeddable":true,"href":"https:\/\/informacionlocal.es\/de\/wp-json\/wp\/v2\/tags?post=13801"}],"curies":[{"name":"wp","href":"https:\/\/api.w.org\/{rel}","templated":true}]}}