{"id":13789,"date":"2025-11-11T14:58:24","date_gmt":"2025-11-11T14:58:24","guid":{"rendered":"https:\/\/informacionlocal.es\/la-propiedad-de-manitaga-autoriza-la-recuperacion-de-la-fuente\/"},"modified":"2025-11-11T14:58:24","modified_gmt":"2025-11-11T14:58:24","slug":"la-propiedad-de-manitaga-autoriza-la-recuperacion-de-la-fuente","status":"publish","type":"post","link":"https:\/\/informacionlocal.es\/de\/la-propiedad-de-manitaga-autoriza-la-recuperacion-de-la-fuente\/","title":{"rendered":"La propiedad de Manitaga autoriza la recuperaci\u00f3n de la fuente"},"content":{"rendered":"<div class=\"entry-content\"><strong>11 noviembre, 2025<\/strong><\/p>\n<p><strong>En la reuni\u00f3n se han expuesto los pormenores del<br \/>\nproyecto que ejecutar\u00e1 Obras y Maquinaria del Cabildo a trav\u00e9s del programa<br \/>\n\u2018Fuerteventura, bonita por naturaleza\u2019<\/strong><\/p>\n<p><strong>Incluye la reconstrucci\u00f3n de muros de piedra, el<br \/>\narreglo del sendero y la creaci\u00f3n de una zona de descanso para visitantes en la<br \/>\nparte superior del barranco.<\/strong><\/p>\n<p><strong>Blas Acosta: \u201cManitaga es el primero de varios<br \/>\nproyectos que hemos dise\u00f1ado para recuperar fuentes naturales de Fuerteventura<br \/>\ny favorecer sus ecosistemas<\/strong><\/p>\n<p>El Cabildo de Fuerteventura y el Ayuntamiento de<br \/>\nTuineje se han reunido con los propietarios del terreno donde se encuentra la fuente<br \/>\nde Manitaga, en el municipio de Tuineje, para presentarles el proyecto de<br \/>\nrecuperaci\u00f3n elaborado por el Servicio de Obras y Maquinaria del Cabildo y que<br \/>\nser\u00e1 ejecutado a trav\u00e9s del programa \u2018Fuerteventura, bonita por naturaleza\u2019.<br \/>\nUna vez conocidos los pormenores y los beneficios que aportar\u00e1n al entorno, la<br \/>\npropiedad ha autorizado la actuaci\u00f3n.<\/p>\n<p>El consejero de Obras y Maquinaria, Blas Acosta,<br \/>\nexplica que \u201cManitaga es el primero de varios proyectos que hemos dise\u00f1ado para<br \/>\nrecuperar fuentes naturales de Fuerteventura y favorecer sus ecosistemas, tanto<br \/>\nsu flora como su fauna silvestres, adem\u00e1s de constituir parte de nuestra<br \/>\ncultura del agua\u201d.<\/p>\n<p>En la reuni\u00f3n tambi\u00e9n participaron la alcaldesa de<br \/>\nTuineje, Candelaria Umpi\u00e9rrez y el concejal de Patrimonio, Jonathan Pe\u00f1a. La<br \/>\nalcaldesa la necesidad de trabajar en coordinaci\u00f3n para recuperar elementos<br \/>\netnogr\u00e1ficos tan significativos para el municipio como este. <\/p>\n<p>Las actuaciones propuestas van dirigidas a rehabilitar<br \/>\nel manantial de Manitaga y embellecer su entorno. Este manantial o fuente, que<br \/>\nen el pasado emanaba agua de forma natural, se ha colmatado debido a la acumulaci\u00f3n<br \/>\nde tierra y piedras, impidiendo as\u00ed la salida del agua. Adem\u00e1s, las escasas<br \/>\nlluvias que acontecen no permiten la recuperaci\u00f3n natural del manantial.<\/p>\n<p>El proyecto se centra en su recuperaci\u00f3n mediante<br \/>\nla retirada de materiales depositados hasta alcanzar la zona donde<br \/>\noriginalmente brotaba el agua. Tambi\u00e9n se prev\u00e9 proteger dicha fuente natural<br \/>\nrealizando una estructura de piedras que la rodee para evitar la entrada de<br \/>\ntierra, as\u00ed como acondicionar otros elementos de inter\u00e9s del entorno.<\/p>\n<p>La fuente se encuentra en la monta\u00f1a de Manitaga<br \/>\nque le da nombre, en el municipio de Tuineje, y el acceso s\u00f3lo es posible a<br \/>\npie. Por ello, el proyecto de la Consejer\u00eda de Obras y Maquinaria, encargado a<br \/>\nsu medio propio Gesti\u00f3n y Planeamiento Territorial y Medioambiental (Gesplan),<br \/>\nincluye otras actuaciones complementarias como la reparaci\u00f3n de unos 290 metros<br \/>\nlineales de muros ya existentes, as\u00ed como el sendero. La reparaci\u00f3n de muros<br \/>\nconstar\u00e1 del remonte de aquellas partes del muro que est\u00e9n derruidas, adem\u00e1s<br \/>\nperfilado de la parte superior del muro con piedra del lugar.<\/p>\n<p>Tambi\u00e9n se adecentar\u00e1 un \u00e1rea de descanso para los<br \/>\nvisitantes en la parte superior del barranco. En esta \u00e1rea se realizar\u00e1 una<br \/>\nintervenci\u00f3n m\u00e1s cuidadosa, procurando despejar las piedras existentes en el<br \/>\nsuelo, rastrillar y nivelar ciertas zonas afectadas por c\u00e1rcavas y cortar ramas<br \/>\nsecas y ramas bajas del algarrobo, entre otras, en un \u00e1rea de 140 metros<br \/>\ncuadrados.<\/p>\n<p>El encargo<br \/>\n\u2018Fuerteventura, bonita por naturaleza\u2019 contempla actuaciones a largo de 15<br \/>\nmeses, entre 2024 y 2025. Durante ambos ejercicios se invertir\u00e1n cuatro<br \/>\nmillones de euros de financiaci\u00f3n propia en cerca de un centenar de \u201cacciones<br \/>\nde cercan\u00eda\u201d que inciden directamente en la conservaci\u00f3n del entorno natural,<br \/>\nen la buena percepci\u00f3n de los visitantes y en la calidad de vida de los<br \/>\nresidentes.<\/p>\n<\/div>\n","protected":false},"excerpt":{"rendered":"<p>11 noviembre, 2025 En la reuni\u00f3n se han expuesto los pormenores del proyecto que ejecutar\u00e1 Obras y Maquinaria del Cabildo a trav\u00e9s del programa \u2018Fuerteventura, bonita por naturaleza\u2019 Incluye la [&hellip;]<\/p>\n","protected":false},"author":1,"featured_media":13791,"comment_status":"open","ping_status":"open","sticky":false,"template":"","format":"standard","meta":{"inline_featured_image":false,"jnews-multi-image_gallery":[],"jnews_single_post":[],"jnews_primary_category":[],"jnews_social_meta":[],"jnews_override_counter":[],"jnews_post_split":[],"footnotes":""},"categories":[58],"tags":[82],"class_list":["post-13789","post","type-post","status-publish","format-standard","has-post-thumbnail","hentry","category-cabildo","tag-fuerteventura"],"jetpack_featured_media_url":"https:\/\/informacionlocal.es\/wp-content\/uploads\/2025\/11\/recuperacic3b3n-fuente-manitaga.jpeg","_links":{"self":[{"href":"https:\/\/informacionlocal.es\/de\/wp-json\/wp\/v2\/posts\/13789","targetHints":{"allow":["GET"]}}],"collection":[{"href":"https:\/\/informacionlocal.es\/de\/wp-json\/wp\/v2\/posts"}],"about":[{"href":"https:\/\/informacionlocal.es\/de\/wp-json\/wp\/v2\/types\/post"}],"author":[{"embeddable":true,"href":"https:\/\/informacionlocal.es\/de\/wp-json\/wp\/v2\/users\/1"}],"replies":[{"embeddable":true,"href":"https:\/\/informacionlocal.es\/de\/wp-json\/wp\/v2\/comments?post=13789"}],"version-history":[{"count":0,"href":"https:\/\/informacionlocal.es\/de\/wp-json\/wp\/v2\/posts\/13789\/revisions"}],"wp:featuredmedia":[{"embeddable":true,"href":"https:\/\/informacionlocal.es\/de\/wp-json\/wp\/v2\/media\/13791"}],"wp:attachment":[{"href":"https:\/\/informacionlocal.es\/de\/wp-json\/wp\/v2\/media?parent=13789"}],"wp:term":[{"taxonomy":"category","embeddable":true,"href":"https:\/\/informacionlocal.es\/de\/wp-json\/wp\/v2\/categories?post=13789"},{"taxonomy":"post_tag","embeddable":true,"href":"https:\/\/informacionlocal.es\/de\/wp-json\/wp\/v2\/tags?post=13789"}],"curies":[{"name":"wp","href":"https:\/\/api.w.org\/{rel}","templated":true}]}}