{"id":13749,"date":"2025-11-10T15:58:28","date_gmt":"2025-11-10T15:58:28","guid":{"rendered":"https:\/\/informacionlocal.es\/el-saladar-de-jandia-se-convierte-en-zona-de-vigilancia-preventiva-de-la-gripe-aviar\/"},"modified":"2025-11-10T15:58:28","modified_gmt":"2025-11-10T15:58:28","slug":"el-saladar-de-jandia-se-convierte-en-zona-de-vigilancia-preventiva-de-la-gripe-aviar","status":"publish","type":"post","link":"https:\/\/informacionlocal.es\/de\/el-saladar-de-jandia-se-convierte-en-zona-de-vigilancia-preventiva-de-la-gripe-aviar\/","title":{"rendered":"El Saladar de Jand\u00eda se convierte en zona de vigilancia preventiva de la gripe aviar"},"content":{"rendered":"<div class=\"entry-content\">\n<p><b><i>El Consistorio recuerda que no existe riesgo para la salud p\u00fablica<\/i><\/b><\/p>\n<p><b><i>La inclusi\u00f3n del municipio responde a la presencia de aves migratorias en este espacio de alto valor ecol\u00f3gico\u00a0<\/i><\/b><\/p>\n<p><span>El Ayuntamiento de P\u00e1jara, a trav\u00e9s de la Concejal\u00eda de Agricultura, Ganader\u00eda y Pesca, informa a la ciudadan\u00eda de que el municipio ha sido incluido en una zona de vigilancia frente a la gripe aviar (influenza aviar), debido a la presencia del Humedal Saladar de Jand\u00eda, situado en la Playa del Matorral.\u00a0<\/span><\/p>\n<p><span>Este espacio natural, declarado \u00e1rea de inter\u00e9s cient\u00edfico desde 1994, constituye un importante punto de tr\u00e1nsito y reposo para aves silvestres migratorias. Adem\u00e1s, es el \u00fanico humedal de Canarias incluido en la lista Ramsar de Zonas H\u00famedas de Importancia Internacional, lo que refuerza su relevancia ecol\u00f3gica y cient\u00edfica. Por lo tanto, la condici\u00f3n del Saladar de Jand\u00eda como zona de especial valor ecol\u00f3gico y de tr\u00e1nsito de aves migratorias lo convierte en un punto clave de seguimiento y vigilancia frente a la gripe aviar.\u00a0<\/span><\/p>\n<p><span>Ante la posible detecci\u00f3n de aves enfermas o muertas, se recomienda a la ciudadan\u00eda no manipular los ejemplares y comunicar cualquier hallazgo o concentraci\u00f3n de aves muertas al tel\u00e9fono de emergencias 112 o al propio Consistorio, que trasladar\u00e1 la informaci\u00f3n a las autoridades competentes.\u00a0<\/span><\/p>\n<p><span>El Ayuntamiento de P\u00e1jara mantiene una coordinaci\u00f3n constante con la Consejer\u00eda de Agricultura, Ganader\u00eda, Pesca y Soberan\u00eda alimentaria del Gobierno de Canarias y con la Direcci\u00f3n General de Ganader\u00eda para el seguimiento de la situaci\u00f3n, recordando que no existe riesgo para la salud p\u00fablica ni para el consumo de productos av\u00edcolas.\u00a0<\/span><\/p>\n<\/div>\n","protected":false},"excerpt":{"rendered":"<p><i>El Consistorio recuerda que no existe riesgo para la salud p\u00fablica<\/i><\/p>\n","protected":false},"author":1,"featured_media":13751,"comment_status":"open","ping_status":"open","sticky":false,"template":"","format":"standard","meta":{"inline_featured_image":false,"jnews-multi-image_gallery":[],"jnews_single_post":[],"jnews_primary_category":[],"jnews_social_meta":[],"jnews_override_counter":[],"jnews_post_split":[],"footnotes":""},"categories":[63],"tags":[],"class_list":["post-13749","post","type-post","status-publish","format-standard","has-post-thumbnail","hentry","category-pajara"],"jetpack_featured_media_url":"https:\/\/informacionlocal.es\/wp-content\/uploads\/2025\/11\/saladar-de-jandia.jpeg","_links":{"self":[{"href":"https:\/\/informacionlocal.es\/de\/wp-json\/wp\/v2\/posts\/13749","targetHints":{"allow":["GET"]}}],"collection":[{"href":"https:\/\/informacionlocal.es\/de\/wp-json\/wp\/v2\/posts"}],"about":[{"href":"https:\/\/informacionlocal.es\/de\/wp-json\/wp\/v2\/types\/post"}],"author":[{"embeddable":true,"href":"https:\/\/informacionlocal.es\/de\/wp-json\/wp\/v2\/users\/1"}],"replies":[{"embeddable":true,"href":"https:\/\/informacionlocal.es\/de\/wp-json\/wp\/v2\/comments?post=13749"}],"version-history":[{"count":0,"href":"https:\/\/informacionlocal.es\/de\/wp-json\/wp\/v2\/posts\/13749\/revisions"}],"wp:featuredmedia":[{"embeddable":true,"href":"https:\/\/informacionlocal.es\/de\/wp-json\/wp\/v2\/media\/13751"}],"wp:attachment":[{"href":"https:\/\/informacionlocal.es\/de\/wp-json\/wp\/v2\/media?parent=13749"}],"wp:term":[{"taxonomy":"category","embeddable":true,"href":"https:\/\/informacionlocal.es\/de\/wp-json\/wp\/v2\/categories?post=13749"},{"taxonomy":"post_tag","embeddable":true,"href":"https:\/\/informacionlocal.es\/de\/wp-json\/wp\/v2\/tags?post=13749"}],"curies":[{"name":"wp","href":"https:\/\/api.w.org\/{rel}","templated":true}]}}