{"id":13743,"date":"2025-11-10T14:59:47","date_gmt":"2025-11-10T14:59:47","guid":{"rendered":"https:\/\/informacionlocal.es\/la-oliva-logra-por-primera-vez-la-acreditacion-oficial-para-la-realizacion-de-programas-de-formacion-en-alternancia-con-el-empleo-pfae-en-los-centros-municipales-de-corralejo-y-el-cotillo\/"},"modified":"2025-11-10T14:59:47","modified_gmt":"2025-11-10T14:59:47","slug":"la-oliva-logra-por-primera-vez-la-acreditacion-oficial-para-la-realizacion-de-programas-de-formacion-en-alternancia-con-el-empleo-pfae-en-los-centros-municipales-de-corralejo-y-el-cotillo","status":"publish","type":"post","link":"https:\/\/informacionlocal.es\/de\/la-oliva-logra-por-primera-vez-la-acreditacion-oficial-para-la-realizacion-de-programas-de-formacion-en-alternancia-con-el-empleo-pfae-en-los-centros-municipales-de-corralejo-y-el-cotillo\/","title":{"rendered":"La Oliva logra por primera vez la acreditaci\u00f3n oficial para la realizaci\u00f3n de programas de formaci\u00f3n en alternancia con el Empleo (PFAE) en los centros municipales de Corralejo y el Cotillo"},"content":{"rendered":"<p>El Ayuntamiento de La Oliva, a trav\u00e9s de la Concejal\u00eda de Desarrollo Local, que dirige Alexandra Mart\u00edn, consigue por primera vez la acreditaci\u00f3n oficial en el municipio para los centros de formaci\u00f3n situados en Corralejo y El Cotillo. A trav\u00e9s de esta certificaci\u00f3n se impartir\u00e1n especialidades formativas vinculadas a la empleabilidad bajo las resoluciones favorables emitidas por el Servicio Canario de Empleo.<\/p>\n<p>Gracias a esta acreditaci\u00f3n, los centros municipales de Corralejo y El Cotillo quedan habilitados para ofrecer formaci\u00f3n en \u2018Socorrismo en espacios acu\u00e1ticos naturales\u2019, \u2018Dinamizaci\u00f3n en actividades de tiempo libre educativo infantil y juvenil\u2019, \u2018Atenci\u00f3n sociosanitaria a personas en el domicilio\u2019 y \u2018Atenci\u00f3n sociosanitaria a personas dependientes en instituciones sociales\u2019. <\/p>\n<p>En este sentido, las certificaciones permiten impulsar la cualificaci\u00f3n profesional, facilitar la inserci\u00f3n laboral y fortalecer el tejido socioecon\u00f3mico del municipio.<\/p>\n<p>Cabe se\u00f1alar, adem\u00e1s, que el Consistorio ya gestiona la documentaci\u00f3n necesaria para presentar proyectos a la convocatoria de subvenciones dirigidas a la financiaci\u00f3n de los Programas de Formaci\u00f3n en Alternancia con el Empleo (PFAE) correspondientes al ejercicio 2025. As\u00ed pues, Fuerteventura tiene asignados tres proyectos de esta \u00edndole a los que, el Ayuntamiento se presentar\u00e1, por primera vez, con el prop\u00f3sito de optar a uno de ellos con vista a su ejecuci\u00f3n en 2026, ofreciendo, de este modo, nuevas oportunidades de formaci\u00f3n y empleo a la ciudadan\u00eda del municipio.<\/p>\n<p>El alcalde de La Oliva, Isa\u00ed Blanco, destaca la importancia de haber obtenido estas acreditaciones: \u201cA trav\u00e9s de esta certificaci\u00f3n que avala la acreditaci\u00f3n oficial en Corralejo y El Cotillo continuamos con el compromiso firme en el desarrollo econ\u00f3mico y social del municipio. De esta manera, seguimos apostando por pol\u00edticas activas de empleo y programas de captaci\u00f3n profesional que contribuyan a generar nuevas oportunidades laborales y mejorar la empleabilidad entre nuestros vecinos y vecinas.\u201d<\/p>\n<p>Por su parte, la concejala de Desarrollo Local, Alexandra Mart\u00edn, manifiesta la relevancia de este logro para el municipio: \u201cEste es, sin duda, un logro hist\u00f3rico para el municipio que sit\u00faa, por primera vez, a La Oliva en el mapa formativo oficial abriendo as\u00ed la puerta a proyectos que permitan formar, cualificar y emplear a nuestros vecinos y vecinas sin necesidad de desplazarse a otros municipios.\u201d<\/p>\n<p>\u201cAsimismo, desde el Consistorio seguimos trabajando para avanzar en la oferta formativa municipal con el fin de adaptar a las necesidades reales del mercado laboral insular.\u201d declara, Mart\u00edn.<\/p>\n","protected":false},"excerpt":{"rendered":"<p><span>Una acreditaci\u00f3n que permitir\u00e1 que se imparta formaci\u00f3n profesional en tres \u00e1reas distintas, contribuyendo a la mejora de la empleabilidad en el municipio<\/span><\/p>\n","protected":false},"author":1,"featured_media":13745,"comment_status":"open","ping_status":"open","sticky":false,"template":"","format":"standard","meta":{"inline_featured_image":false,"jnews-multi-image_gallery":[],"jnews_single_post":[],"jnews_primary_category":[],"jnews_social_meta":[],"jnews_override_counter":[],"jnews_post_split":[],"footnotes":""},"categories":[62],"tags":[82,65],"class_list":["post-13743","post","type-post","status-publish","format-standard","has-post-thumbnail","hentry","category-la-oliva","tag-fuerteventura","tag-municipios"],"jetpack_featured_media_url":"https:\/\/informacionlocal.es\/wp-content\/uploads\/2025\/11\/5272_291bc89a.png","_links":{"self":[{"href":"https:\/\/informacionlocal.es\/de\/wp-json\/wp\/v2\/posts\/13743","targetHints":{"allow":["GET"]}}],"collection":[{"href":"https:\/\/informacionlocal.es\/de\/wp-json\/wp\/v2\/posts"}],"about":[{"href":"https:\/\/informacionlocal.es\/de\/wp-json\/wp\/v2\/types\/post"}],"author":[{"embeddable":true,"href":"https:\/\/informacionlocal.es\/de\/wp-json\/wp\/v2\/users\/1"}],"replies":[{"embeddable":true,"href":"https:\/\/informacionlocal.es\/de\/wp-json\/wp\/v2\/comments?post=13743"}],"version-history":[{"count":0,"href":"https:\/\/informacionlocal.es\/de\/wp-json\/wp\/v2\/posts\/13743\/revisions"}],"wp:featuredmedia":[{"embeddable":true,"href":"https:\/\/informacionlocal.es\/de\/wp-json\/wp\/v2\/media\/13745"}],"wp:attachment":[{"href":"https:\/\/informacionlocal.es\/de\/wp-json\/wp\/v2\/media?parent=13743"}],"wp:term":[{"taxonomy":"category","embeddable":true,"href":"https:\/\/informacionlocal.es\/de\/wp-json\/wp\/v2\/categories?post=13743"},{"taxonomy":"post_tag","embeddable":true,"href":"https:\/\/informacionlocal.es\/de\/wp-json\/wp\/v2\/tags?post=13743"}],"curies":[{"name":"wp","href":"https:\/\/api.w.org\/{rel}","templated":true}]}}