{"id":13709,"date":"2025-11-07T20:58:46","date_gmt":"2025-11-07T20:58:46","guid":{"rendered":"https:\/\/informacionlocal.es\/victor-estarico-presenta-antigua-suena\/"},"modified":"2025-11-07T20:58:46","modified_gmt":"2025-11-07T20:58:46","slug":"victor-estarico-presenta-antigua-suena","status":"publish","type":"post","link":"https:\/\/informacionlocal.es\/de\/victor-estarico-presenta-antigua-suena\/","title":{"rendered":"V\u00edctor Est\u00e1rico presenta Antigua Suena"},"content":{"rendered":"<div class=\"elementor-widget-container\">\n<p><strong>V\u00edctor Est\u00e1rico presenta Antigua Suena<\/strong><\/p>\n<p><strong>\u2022 El Ayuntamiento desde la concejal\u00eda de Cultura organiza un Ciclo de m\u00fasica que entrelaza el arraigo canario con nuevas versiones musicales. <\/strong><br \/><strong>\u2022 El Ciclo de m\u00fasica se celebra en noviembre los s\u00e1bados 15 y 22 y los viernes 28 de noviembre y 5 de diciembre a las 20:00 horas en el patio de la Biblioteca Municipal de Antigua El Port\u00f3n.<\/strong><\/p>\n<p>Este viernes 7 de noviembre por la ma\u00f1ana en el patio de la Biblioteca Municipal El Port\u00f3n, el alcalde de Antigua Mat\u00edas Pe\u00f1a, el concejal de Cultura, Jonathan Pe\u00f1a y el timplista V\u00edctor Est\u00e1rico han presentado la primera edici\u00f3n del ciclo de m\u00fasica Antigua suena.<\/p>\n<p>Un ciclo de conciertos musicales en un espacio limitado y familiar como ofrece el patio de la Biblioteca Municipal de Antigua, EL Port\u00f3n, actuaciones en un entorno relajado a las 20:00 horas los s\u00e1bados 15 y 22 de noviembre, y los viernes 28 de noviembre y 5 de diciembre.<\/p>\n<p>El ciclo musical esta organizado por el Ayuntamiento de Antigua desde la concejal\u00eda de Cultura y cuneta con la direcci\u00f3n art\u00edstica del reconocido timplista V\u00edctor Est\u00e1rico, con un cartel que incluye grandes y conocidos m\u00fasicos, entre otros, el cantante Iv\u00e1n Quintana, Paula G\u00f3mez y Sergio Vargas, adem\u00e1s de Tom\u00e1s Perera, Ayla y Julia Rodr\u00edguez.<\/p>\n<p>El ciclo de conciertos Antigua suena, comienza el pr\u00f3ximo s\u00e1bado 15 de noviembre a las 20:00 horas con el espect\u00e1culo musical \u2018Todo un poco de nosotros\u2019 un juego de guitarra y viol\u00edn ofrecido por la tinerfe\u00f1a Zaida Almeida Cabrera y el venezolano afincado en La Orotava, Jes\u00fas Gonz\u00e1lez Brito, fusionando folclore, composiciones propias, m\u00fasica cl\u00e1sica e incluso, ritmos de jazz.<\/p>\n<p>\u00a0<\/p>\n<\/div>\n","protected":false},"excerpt":{"rendered":"<p><strong>V\u00edctor Est\u00e1rico presenta Antigua Suena<\/strong><\/p>\n","protected":false},"author":1,"featured_media":13711,"comment_status":"open","ping_status":"open","sticky":false,"template":"","format":"standard","meta":{"inline_featured_image":false,"jnews-multi-image_gallery":[],"jnews_single_post":[],"jnews_primary_category":[],"jnews_social_meta":[],"jnews_override_counter":[],"jnews_post_split":[],"footnotes":""},"categories":[59],"tags":[],"class_list":["post-13709","post","type-post","status-publish","format-standard","has-post-thumbnail","hentry","category-antigua"],"jetpack_featured_media_url":"https:\/\/informacionlocal.es\/wp-content\/uploads\/2025\/11\/victor-estarico-presenta-antigua-suena-2-scaled-1.jpg","_links":{"self":[{"href":"https:\/\/informacionlocal.es\/de\/wp-json\/wp\/v2\/posts\/13709","targetHints":{"allow":["GET"]}}],"collection":[{"href":"https:\/\/informacionlocal.es\/de\/wp-json\/wp\/v2\/posts"}],"about":[{"href":"https:\/\/informacionlocal.es\/de\/wp-json\/wp\/v2\/types\/post"}],"author":[{"embeddable":true,"href":"https:\/\/informacionlocal.es\/de\/wp-json\/wp\/v2\/users\/1"}],"replies":[{"embeddable":true,"href":"https:\/\/informacionlocal.es\/de\/wp-json\/wp\/v2\/comments?post=13709"}],"version-history":[{"count":0,"href":"https:\/\/informacionlocal.es\/de\/wp-json\/wp\/v2\/posts\/13709\/revisions"}],"wp:featuredmedia":[{"embeddable":true,"href":"https:\/\/informacionlocal.es\/de\/wp-json\/wp\/v2\/media\/13711"}],"wp:attachment":[{"href":"https:\/\/informacionlocal.es\/de\/wp-json\/wp\/v2\/media?parent=13709"}],"wp:term":[{"taxonomy":"category","embeddable":true,"href":"https:\/\/informacionlocal.es\/de\/wp-json\/wp\/v2\/categories?post=13709"},{"taxonomy":"post_tag","embeddable":true,"href":"https:\/\/informacionlocal.es\/de\/wp-json\/wp\/v2\/tags?post=13709"}],"curies":[{"name":"wp","href":"https:\/\/api.w.org\/{rel}","templated":true}]}}