{"id":1369,"date":"2025-04-10T19:04:54","date_gmt":"2025-04-10T19:04:54","guid":{"rendered":"https:\/\/informacionlocal.es\/morro-jable-bereitet-sich-auf-die-dreharbeiten-fuer-die-letzte-folge-von-reina-del-flow-vor\/"},"modified":"2025-04-14T10:00:55","modified_gmt":"2025-04-14T10:00:55","slug":"morro-jable-bereitet-sich-auf-die-dreharbeiten-fuer-die-letzte-folge-von-reina-del-flow-vor","status":"publish","type":"post","link":"https:\/\/informacionlocal.es\/de\/morro-jable-bereitet-sich-auf-die-dreharbeiten-fuer-die-letzte-folge-von-reina-del-flow-vor\/","title":{"rendered":"Morro Jable bereitet sich auf die Dreharbeiten f\u00fcr die letzte Folge von &#8222;Reina del Flow&#8220; vor."},"content":{"rendered":"<div class=\"entry-content\">\n<p><b><i>Der Strand von Matorral wird am 2. April um 14:00 Uhr Schauplatz eines der musikalischen Ereignisse des Jahres sein.  <\/i><\/b><\/p>\n<p><span>Heute Morgen fand im Rathaus von P\u00e1jara ein Sicherheitstreffen statt, um die Dreharbeiten f\u00fcr die letzte Folge der Erfolgsserie &#8218;La Reina del Flow&#8216; zu koordinieren. Am kommenden Mittwoch, den 2. April, wird der Strand El Matorral in Morro Jable ab 14:00 Uhr zum Ort, an dem die Fans der Serie an den Dreharbeiten teilnehmen k\u00f6nnen. <\/span><\/p>\n<p><span>Das Cabildo de Fuerteventura hat \u00fcber seine Jugendabteilung in Zusammenarbeit mit der Produktionsfirma DN 7 Music und dem Rathaus von P\u00e1jara die Feierlichkeiten zu einem der herausragendsten Ereignisse des Jahres auf den Kanarischen Inseln erm\u00f6glicht.  <\/span><\/p>\n<p><span>Die Stadtr\u00e4tin f\u00fcr Kultur, Raquel Acosta, betont, dass diese Art von Produktion nicht nur die Gemeinde P\u00e1jara bekannt macht, sondern auch zur F\u00f6rderung von Kultur und Tourismus in der Stadt beitr\u00e4gt. &#8222;Wir ermutigen alle Einwohner und Besucher, an diesem einmaligen Erlebnis teilzunehmen und die Gelegenheit zu nutzen, an einem Film dieser Gr\u00f6\u00dfenordnung teilzunehmen&#8220;, f\u00fcgt sie hinzu.   <\/span><\/p>\n<p><span>Der B\u00fcrgermeister von P\u00e1jara, Alejandro Jorge, unterstreicht, wie wichtig es ist, dass diese Art von Produktionen die Gemeinde f\u00fcr Filmvorf\u00fchrungen ins Visier nehmen. &#8222;Es ist zweifellos ein Schritt, der uns als Zielort f\u00fcr diese Art von Veranstaltungen st\u00e4rkt&#8220;, sagt er.   <\/span><\/p>\n<p><span>Der Stadtrat f\u00fcr Jugend des Cabildo von Fuerteventura, Adargoma Hern\u00e1ndez, bedankte sich f\u00fcr die Bereitschaft des Rathauses. &#8222;In Rekordzeit war es m\u00f6glich, das letzte Kapitel der Saison einer der wichtigsten spanischsprachigen Serien der Welt aufzunehmen, eine Gelegenheit, die wir uns nicht entgehen lassen konnten&#8220;.   <\/span><\/p>\n<p><span>Die Teilnahme an den Dreharbeiten ist kostenlos, allerdings werden die Teilnehmer gebeten, bestimmte Anforderungen an die Garderobe zu beachten, z. B. keine Kleidung mit sichtbaren kommerziellen Marken zu tragen, um Konflikte mit Bildrechten w\u00e4hrend der Dreharbeiten zu vermeiden. Dar\u00fcber hinaus stimmen die Teilnehmer mit ihrer Teilnahme an der Veranstaltung der Verwendung der bei den Dreharbeiten aufgenommenen Bilder zu, wodurch sie Teil der Besetzung der Serie werden k\u00f6nnen.   <\/span><\/p>\n<div>Teilen Sie<\/div>\n<\/div>\n","protected":false},"excerpt":{"rendered":"<p><i>Der Strand von Matorral wird am 2. April um 14:00 Uhr Schauplatz eines der musikalischen Ereignisse des Jahres sein.  <\/i><\/p>\n","protected":false},"author":1,"featured_media":687,"comment_status":"open","ping_status":"open","sticky":false,"template":"","format":"standard","meta":{"inline_featured_image":false,"jnews-multi-image_gallery":[],"jnews_single_post":[],"jnews_primary_category":[],"jnews_social_meta":[],"jnews_override_counter":[],"jnews_post_split":[],"footnotes":""},"categories":[287],"tags":[216,196,217,237],"class_list":["post-1369","post","type-post","status-publish","format-standard","has-post-thumbnail","hentry","category-cabildo-de","tag-fuerteventura-de","tag-gemeinden","tag-kultur-und-freizeit","tag-veranstaltungen"],"jetpack_featured_media_url":"https:\/\/informacionlocal.es\/wp-content\/uploads\/2025\/04\/junta-de-seguridad-2-e1743169843144.jpeg","_links":{"self":[{"href":"https:\/\/informacionlocal.es\/de\/wp-json\/wp\/v2\/posts\/1369","targetHints":{"allow":["GET"]}}],"collection":[{"href":"https:\/\/informacionlocal.es\/de\/wp-json\/wp\/v2\/posts"}],"about":[{"href":"https:\/\/informacionlocal.es\/de\/wp-json\/wp\/v2\/types\/post"}],"author":[{"embeddable":true,"href":"https:\/\/informacionlocal.es\/de\/wp-json\/wp\/v2\/users\/1"}],"replies":[{"embeddable":true,"href":"https:\/\/informacionlocal.es\/de\/wp-json\/wp\/v2\/comments?post=1369"}],"version-history":[{"count":1,"href":"https:\/\/informacionlocal.es\/de\/wp-json\/wp\/v2\/posts\/1369\/revisions"}],"predecessor-version":[{"id":1648,"href":"https:\/\/informacionlocal.es\/de\/wp-json\/wp\/v2\/posts\/1369\/revisions\/1648"}],"wp:featuredmedia":[{"embeddable":true,"href":"https:\/\/informacionlocal.es\/de\/wp-json\/wp\/v2\/media\/687"}],"wp:attachment":[{"href":"https:\/\/informacionlocal.es\/de\/wp-json\/wp\/v2\/media?parent=1369"}],"wp:term":[{"taxonomy":"category","embeddable":true,"href":"https:\/\/informacionlocal.es\/de\/wp-json\/wp\/v2\/categories?post=1369"},{"taxonomy":"post_tag","embeddable":true,"href":"https:\/\/informacionlocal.es\/de\/wp-json\/wp\/v2\/tags?post=1369"}],"curies":[{"name":"wp","href":"https:\/\/api.w.org\/{rel}","templated":true}]}}