{"id":13673,"date":"2025-11-07T16:58:53","date_gmt":"2025-11-07T16:58:53","guid":{"rendered":"https:\/\/informacionlocal.es\/cientos-de-cometas-inundan-los-cielos-de-corralejo-de-colores-al-viento-en-el-38o-festival-internacional-de-cometas\/"},"modified":"2025-11-07T16:58:53","modified_gmt":"2025-11-07T16:58:53","slug":"cientos-de-cometas-inundan-los-cielos-de-corralejo-de-colores-al-viento-en-el-38o-festival-internacional-de-cometas","status":"publish","type":"post","link":"https:\/\/informacionlocal.es\/de\/cientos-de-cometas-inundan-los-cielos-de-corralejo-de-colores-al-viento-en-el-38o-festival-internacional-de-cometas\/","title":{"rendered":"Cientos de cometas inundan los cielos de Corralejo de colores al viento en el 38\u00ba Festival Internacional de Cometas"},"content":{"rendered":"<p>M\u00e1s de 200 cometistas de todas partes del globo se preparan para el Festival Internacional de Cometas 2025. Un encuentro esperado en la agenda municipal e internacional de noviembre, en el que cientos de cometas surcan los cielos de las playas de Corralejo y El Cotillo en un evento para todos los p\u00fablicos. El Ayuntamiento de La Oliva, a trav\u00e9s de la Concejal\u00eda de Turismo y Medio Ambiente, que gestiona David Fajardo, presenta hoy, 7 de noviembre, junto con el Cabildo de Fuerteventura y el Gobierno de Canarias esta cita internacional que trae nuevas actividades y talleres que combinan el atractivo turismo con la conciencia ambiental. <\/p>\n<p>Un festival que no tiene freno en su innovaci\u00f3n y que trae nuevas sorpresas cada a\u00f1o. En esta ocasi\u00f3n, los asistentes podr\u00e1n disfrutar de una jornada de astrociencia, circuito de drones FPV, parque de mu\u00f1ecos gigantes, as\u00ed como la 1\u00aa edici\u00f3n del Concurso de Pintura R\u00e1pida \u2018Kitefestival\u2019 entre otros actos. Del mismo modo, se volver\u00e1 a repetir el espect\u00e1culo nocturno de drones alcanzando, en esta ocasi\u00f3n, los 300 drones los pr\u00f3ximos 14 y 15 de noviembre a las 21:30 horas en el Muellito de Corralejo.<\/p>\n<p>El alcalde de La Oliva, Isa\u00ed Blanco, resalta las dimensiones que ha ido alcanzado a lo largo de los a\u00f1os: \u201cLa 38\u00ba edici\u00f3n del Festival Internacional de Cometas demuestra c\u00f3mo el evento traspasa, a\u00f1o tras a\u00f1o, las fronteras del municipio para captar la atenci\u00f3n de locales y turistas de todas partes del mundo que visitan nuestra Isla. Este encuentro destaca, no solo por la variedad de actos que ofrece, sino tambi\u00e9n por el entorno en el que se desarrolla, nuestras playas de Corralejo y El Cotillo, uno de los grandes atractivos de La Oliva, en el que buscamos tener presente siempre la conciencia ambiental.\u201d <\/p>\n<p>Por su parte, el concejal de Turismo y Medio Ambiente, David Fajardo, destaca: \u201cEl Festival Internacional de Cometas es un acto tan singular y sostenible que merece el cari\u00f1o que le dedicamos. Imprescindible el trabajo de los m\u00e1s de 200 cometistas que vienen de todo el mundo a realizar el festival, en un parque natural que cuidamos con diferentes herramientas. En este sentido, el evento contar\u00e1 con la presencia de los gu\u00edas ambientales, vallado perimetral, talleres ambientales, lanzaderas para fomentar la movilidad sostenible e incluso una novedad como los ba\u00f1os eco que podr\u00e1n conocer los asistentes al encuentro. Sin duda, todos y cada uno de los detalles cuentan para poder seguir manteniendo este festival tan importante y tan sensible que tanto amamos durante muchos a\u00f1os m\u00e1s.\u201d <\/p>\n<p>Asimismo, la consejera de Turismo, Marlene Figueroa, pone en valor: \u201cuno de los eventos m\u00e1s esperados en el municipio, con una oferta de calidad que tiene, adem\u00e1s, una fuerte vertiente de concienciaci\u00f3n medioambiental. Un encuentro \u00fanico, en un marco incomparable, en el que adem\u00e1s cobra importancia la participaci\u00f3n de escolares y nuestros mayores\u201d. <\/p>\n<p>Adem\u00e1s, el consejero delegado de Gesprotur, Ignacio Solana, destac\u00f3 que el Festival Internacional de Cometas de Corralejo es un ejemplo perfecto de c\u00f3mo los patrocinios de Turismo de Canarias contribuyen a consolidar un modelo tur\u00edstico sostenible, responsable y diverso. \u201cCon este evento logramos combinar el arraigo local con una proyecci\u00f3n internacional que refuerza la imagen de las Islas Canarias como un destino que va mucho m\u00e1s all\u00e1 del sol y playa, ofreciendo experiencias \u00fanicas para residentes y visitantes\u201d, se\u00f1al\u00f3. Solana subray\u00f3 adem\u00e1s el impacto econ\u00f3mico y social del festival, que el a\u00f1o pasado alcanz\u00f3 los 6,7 millones de euros y que prev\u00e9 llegar este a\u00f1o a casi 17 millones, \u201cuna muestra de c\u00f3mo la colaboraci\u00f3n p\u00fablico-privada genera empleo, distribuye riqueza y potencia la resiliencia del sector tur\u00edstico canario\u201d. <\/p>\n<p>Esta acci\u00f3n mantiene el trabajo del gobierno local en favor del binomio Turismo y Medio Ambiente, captando el inter\u00e9s de los vecinos y vecinas de La Oliva junto con los turistas de la Isla, sin olvidar la educaci\u00f3n y medidas ambientales que permitan que el festival se siga celebrando a\u00f1o tras a\u00f1o.<\/p>\n","protected":false},"excerpt":{"rendered":"<p><span>Las playas del municipio acogen del 10 al 16 de noviembre un evento para todos los p\u00fablicos en el que converge el binomio Turismo y Medio Ambiente<\/span><\/p>\n","protected":false},"author":1,"featured_media":13675,"comment_status":"open","ping_status":"open","sticky":false,"template":"","format":"standard","meta":{"inline_featured_image":false,"jnews-multi-image_gallery":[],"jnews_single_post":[],"jnews_primary_category":[],"jnews_social_meta":[],"jnews_override_counter":[],"jnews_post_split":[],"footnotes":""},"categories":[62],"tags":[69,82,76],"class_list":["post-13673","post","type-post","status-publish","format-standard","has-post-thumbnail","hentry","category-la-oliva","tag-eventos","tag-fuerteventura","tag-medio-ambiente"],"jetpack_featured_media_url":"https:\/\/informacionlocal.es\/wp-content\/uploads\/2025\/11\/5271_843c4743.png","_links":{"self":[{"href":"https:\/\/informacionlocal.es\/de\/wp-json\/wp\/v2\/posts\/13673","targetHints":{"allow":["GET"]}}],"collection":[{"href":"https:\/\/informacionlocal.es\/de\/wp-json\/wp\/v2\/posts"}],"about":[{"href":"https:\/\/informacionlocal.es\/de\/wp-json\/wp\/v2\/types\/post"}],"author":[{"embeddable":true,"href":"https:\/\/informacionlocal.es\/de\/wp-json\/wp\/v2\/users\/1"}],"replies":[{"embeddable":true,"href":"https:\/\/informacionlocal.es\/de\/wp-json\/wp\/v2\/comments?post=13673"}],"version-history":[{"count":0,"href":"https:\/\/informacionlocal.es\/de\/wp-json\/wp\/v2\/posts\/13673\/revisions"}],"wp:featuredmedia":[{"embeddable":true,"href":"https:\/\/informacionlocal.es\/de\/wp-json\/wp\/v2\/media\/13675"}],"wp:attachment":[{"href":"https:\/\/informacionlocal.es\/de\/wp-json\/wp\/v2\/media?parent=13673"}],"wp:term":[{"taxonomy":"category","embeddable":true,"href":"https:\/\/informacionlocal.es\/de\/wp-json\/wp\/v2\/categories?post=13673"},{"taxonomy":"post_tag","embeddable":true,"href":"https:\/\/informacionlocal.es\/de\/wp-json\/wp\/v2\/tags?post=13673"}],"curies":[{"name":"wp","href":"https:\/\/api.w.org\/{rel}","templated":true}]}}