{"id":1363,"date":"2025-04-10T19:24:31","date_gmt":"2025-04-10T19:24:31","guid":{"rendered":"https:\/\/informacionlocal.es\/das-cabildo-von-fuerteventura-stellt-25-000-euro-zur-verfuegung-um-die-kommerzielle-wiederbelebung-von-betancuria-und-des-strassenmarktes-la-pena-zu-unterstuetzen\/"},"modified":"2025-04-14T10:00:52","modified_gmt":"2025-04-14T10:00:52","slug":"das-cabildo-von-fuerteventura-stellt-25-000-euro-zur-verfuegung-um-die-kommerzielle-wiederbelebung-von-betancuria-und-des-strassenmarktes-la-pena-zu-unterstuetzen","status":"publish","type":"post","link":"https:\/\/informacionlocal.es\/de\/das-cabildo-von-fuerteventura-stellt-25-000-euro-zur-verfuegung-um-die-kommerzielle-wiederbelebung-von-betancuria-und-des-strassenmarktes-la-pena-zu-unterstuetzen\/","title":{"rendered":"Das Cabildo von Fuerteventura stellt 25.000 Euro zur Verf\u00fcgung, um die kommerzielle Wiederbelebung von Betancuria und des Stra\u00dfenmarktes La Pe\u00f1a zu unterst\u00fctzen."},"content":{"rendered":"<div class=\"inner-box\">\n<figure class=\"image-box\"><img fetchpriority=\"high\" decoding=\"async\" width=\"730\" height=\"500\" src=\"https:\/\/informacionlocal.es\/wp-content\/uploads\/2025\/04\/convenio-comercio-con-betancuria-730x500-2.jpeg\" class=\"attachment-whitehall_730x500 size-whitehall_730x500 wp-post-image\" title=\"trade-agreement-with-betancuria-730x500-2\"><\/figure>\n<div class=\"post-date\">\n<h3>11Nov<span>&#8217;24<\/span><\/h3>\n<\/div>\n<div class=\"lower-content\">\n<div class=\"category\">Nachrichten, Ank\u00fcndigungen<\/div>\n<ul class=\"post-info clearfix\">\n<li>Presse<\/li>\n<li>0 Kommentar<\/li>\n<\/ul>\n<\/div>\n<p>Das Cabildo de Fuerteventura hat \u00fcber das Handelsministerium 25.000 Euro bereitgestellt, um die wirtschaftliche Dynamik in der Gemeinde Betancuria zu f\u00f6rdern. Diese Ma\u00dfnahme ist dank einer Kooperationsvereinbarung mit dem Stadtrat von Betancuria m\u00f6glich, die diese Woche von der Stadtr\u00e4tin Lolina Negr\u00edn und dem B\u00fcrgermeister Enrique Cerde\u00f1a unterzeichnet wurde. <\/p>\n<p>Laut Lolina Negr\u00edn ist es eines der Hauptziele der Inselgesellschaft, alle Aktivit\u00e4ten zu unterst\u00fctzen, die zur F\u00f6rderung der Handelszonen auf der gesamten Insel beitragen, und zwar mit Hilfe des strategischen Plans f\u00fcr Subventionen zur Reaktivierung des Handelssektors auf Fuerteventura&#8220;.<\/p>\n<p>Der B\u00fcrgermeister Enrique Cerde\u00f1a erkl\u00e4rte, dass &#8222;mit der Finanzierung das Projekt &#8218;Yo Consumo Betancuria&#8216; unterst\u00fctzt werden soll, mit dem die gastronomische Qualit\u00e4t der Gemeinde hervorgehoben und die mit der Viehzucht und dem Gastgewerbe verbundenen Unternehmen gef\u00f6rdert werden sollen, sowie die Wiederbelebung des Mercadillo de La Pe\u00f1a, der monatlich als Referenzmarkt auf Fuerteventura stattfindet&#8220;.<\/p>\n<\/div>\n","protected":false},"excerpt":{"rendered":"<p>11Nov&#8217;24 Nachrichten, Ank\u00fcndigungen Presse 0 Kommentar Das Cabildo de Fuerteventura hat \u00fcber das Handelsministerium 25.000 Euro bereitgestellt, um die wirtschaftliche Dynamik in der Gemeinde Betancuria zu f\u00f6rdern. Diese Ma\u00dfnahme ist [&hellip;]<\/p>\n","protected":false},"author":1,"featured_media":693,"comment_status":"open","ping_status":"open","sticky":false,"template":"","format":"standard","meta":{"inline_featured_image":false,"jnews-multi-image_gallery":[],"jnews_single_post":[],"jnews_primary_category":[],"jnews_social_meta":[],"jnews_override_counter":[],"jnews_post_split":[],"footnotes":""},"categories":[287],"tags":[215,216,196,217,243],"class_list":["post-1363","post","type-post","status-publish","format-standard","has-post-thumbnail","hentry","category-cabildo-de","tag-beschaftigung-und-ausbildung","tag-fuerteventura-de","tag-gemeinden","tag-kultur-und-freizeit","tag-sozialhilfe"],"jetpack_featured_media_url":"https:\/\/informacionlocal.es\/wp-content\/uploads\/2025\/04\/convenio-comercio-con-betancuria-730x500-1.jpeg","_links":{"self":[{"href":"https:\/\/informacionlocal.es\/de\/wp-json\/wp\/v2\/posts\/1363","targetHints":{"allow":["GET"]}}],"collection":[{"href":"https:\/\/informacionlocal.es\/de\/wp-json\/wp\/v2\/posts"}],"about":[{"href":"https:\/\/informacionlocal.es\/de\/wp-json\/wp\/v2\/types\/post"}],"author":[{"embeddable":true,"href":"https:\/\/informacionlocal.es\/de\/wp-json\/wp\/v2\/users\/1"}],"replies":[{"embeddable":true,"href":"https:\/\/informacionlocal.es\/de\/wp-json\/wp\/v2\/comments?post=1363"}],"version-history":[{"count":1,"href":"https:\/\/informacionlocal.es\/de\/wp-json\/wp\/v2\/posts\/1363\/revisions"}],"predecessor-version":[{"id":1640,"href":"https:\/\/informacionlocal.es\/de\/wp-json\/wp\/v2\/posts\/1363\/revisions\/1640"}],"wp:featuredmedia":[{"embeddable":true,"href":"https:\/\/informacionlocal.es\/de\/wp-json\/wp\/v2\/media\/693"}],"wp:attachment":[{"href":"https:\/\/informacionlocal.es\/de\/wp-json\/wp\/v2\/media?parent=1363"}],"wp:term":[{"taxonomy":"category","embeddable":true,"href":"https:\/\/informacionlocal.es\/de\/wp-json\/wp\/v2\/categories?post=1363"},{"taxonomy":"post_tag","embeddable":true,"href":"https:\/\/informacionlocal.es\/de\/wp-json\/wp\/v2\/tags?post=1363"}],"curies":[{"name":"wp","href":"https:\/\/api.w.org\/{rel}","templated":true}]}}