{"id":13627,"date":"2025-11-06T19:58:38","date_gmt":"2025-11-06T19:58:38","guid":{"rendered":"https:\/\/informacionlocal.es\/a-galope-en-la-carrera-de-caballos-este-sabado-en-la-pista-de-pozo-negro\/"},"modified":"2025-11-06T19:58:38","modified_gmt":"2025-11-06T19:58:38","slug":"a-galope-en-la-carrera-de-caballos-este-sabado-en-la-pista-de-pozo-negro","status":"publish","type":"post","link":"https:\/\/informacionlocal.es\/de\/a-galope-en-la-carrera-de-caballos-este-sabado-en-la-pista-de-pozo-negro\/","title":{"rendered":"A galope en la carrera de caballos este s\u00e1bado en la pista de Pozo Negro"},"content":{"rendered":"<div class=\"elementor-widget-container\">\n<p><strong>A galope en la carrera de caballos este s\u00e1bado en la pista de Pozo Negro<\/strong><\/p>\n<p><strong>\u2022 Antigua acoge de nuevo la carrera de caballos m\u00e1s emocionante la 2\u00aa fase del Campeonato Interinsular Fuerteventura 25\/26<\/strong><\/p>\n<p>Por segunda vez en la isla, las cuadras m\u00e1s importantes de Fuerteventura, Gran Canaria y Lanzarote, con los caballos m\u00e1s veloces montados por reconocidos jokeys, este s\u00e1bado 8 de noviembre desde las 12:00 horas, en la pista de la Granja Experimental de Pozo Negro.<\/p>\n<p>La cuadra Islas Fuerteventura, esta decidida a impulsar las carreras y poner en valor las caballerizas mas destacadas en nuestra isla y en Canarias, se\u00f1ala el alcalde y responsable insular de las instalaciones de la Granja de Pozo Negro, Mat\u00edas Pe\u00f1a Garc\u00eda, que a\u00f1ade, en este objetivo siempre encontrar\u00e1n el respaldo institucional, y m\u00e1s ante la respuesta de p\u00fablico, m\u00e1s de medio millar de asistentes a la primera carrera hace unos meses.<\/p>\n<p>La Cuadra Islas Fuerteventura organiza la 2\u00aa Fase del Campeonato Interinsular Fuerteventura 25\/26 en honor a Ju\u00e1n S\u00e1nchez, con el respaldo de la Federaci\u00f3n Canaria de H\u00edpica y la colaboraci\u00f3n del Ayuntamiento de Antigua desde la concejal\u00eda de Deportes y el Cabildo de Fuerteventura, entre otros impulsores.<\/p>\n<p>Esta nueva y emocionante cita de velocidad ecuestre, detalla el concejal de Deportes, Samuel Torres, ofrecer\u00e1 carreras con distancias de 1.200, 1.400, 1.600 y 2.000 metros, que podr\u00e1n disfrutarse desde la sombra del palmeral lim\u00edtrofe con la pista, o en el grader\u00edo con p\u00e9rgola, acondicionado en la parte alta para visionar como toman los caballos y sus jinetes cada recta y curva.<\/p>\n<p>\u00a0<\/p>\n<\/div>\n","protected":false},"excerpt":{"rendered":"<p><strong>A galope en la carrera de caballos este s\u00e1bado en la pista de Pozo Negro<\/strong><\/p>\n","protected":false},"author":1,"featured_media":13629,"comment_status":"open","ping_status":"open","sticky":false,"template":"","format":"standard","meta":{"inline_featured_image":false,"jnews-multi-image_gallery":[],"jnews_single_post":[],"jnews_primary_category":[],"jnews_social_meta":[],"jnews_override_counter":[],"jnews_post_split":[],"footnotes":""},"categories":[59],"tags":[82],"class_list":["post-13627","post","type-post","status-publish","format-standard","has-post-thumbnail","hentry","category-antigua","tag-fuerteventura"],"jetpack_featured_media_url":"https:\/\/informacionlocal.es\/wp-content\/uploads\/2025\/11\/572101854_1301851091959310_6192511617258419457_n.jpg","_links":{"self":[{"href":"https:\/\/informacionlocal.es\/de\/wp-json\/wp\/v2\/posts\/13627","targetHints":{"allow":["GET"]}}],"collection":[{"href":"https:\/\/informacionlocal.es\/de\/wp-json\/wp\/v2\/posts"}],"about":[{"href":"https:\/\/informacionlocal.es\/de\/wp-json\/wp\/v2\/types\/post"}],"author":[{"embeddable":true,"href":"https:\/\/informacionlocal.es\/de\/wp-json\/wp\/v2\/users\/1"}],"replies":[{"embeddable":true,"href":"https:\/\/informacionlocal.es\/de\/wp-json\/wp\/v2\/comments?post=13627"}],"version-history":[{"count":0,"href":"https:\/\/informacionlocal.es\/de\/wp-json\/wp\/v2\/posts\/13627\/revisions"}],"wp:featuredmedia":[{"embeddable":true,"href":"https:\/\/informacionlocal.es\/de\/wp-json\/wp\/v2\/media\/13629"}],"wp:attachment":[{"href":"https:\/\/informacionlocal.es\/de\/wp-json\/wp\/v2\/media?parent=13627"}],"wp:term":[{"taxonomy":"category","embeddable":true,"href":"https:\/\/informacionlocal.es\/de\/wp-json\/wp\/v2\/categories?post=13627"},{"taxonomy":"post_tag","embeddable":true,"href":"https:\/\/informacionlocal.es\/de\/wp-json\/wp\/v2\/tags?post=13627"}],"curies":[{"name":"wp","href":"https:\/\/api.w.org\/{rel}","templated":true}]}}