{"id":1357,"date":"2025-04-10T19:06:53","date_gmt":"2025-04-10T19:06:53","guid":{"rendered":"https:\/\/informacionlocal.es\/filmoteca-canaria-praesentiert-eine-ausstellung-ueber-klassische-filmplakate\/"},"modified":"2025-04-14T10:06:06","modified_gmt":"2025-04-14T10:06:06","slug":"filmoteca-canaria-praesentiert-eine-ausstellung-ueber-klassische-filmplakate","status":"publish","type":"post","link":"https:\/\/informacionlocal.es\/de\/filmoteca-canaria-praesentiert-eine-ausstellung-ueber-klassische-filmplakate\/","title":{"rendered":"Filmoteca Canaria pr\u00e4sentiert eine Ausstellung \u00fcber klassische Filmplakate"},"content":{"rendered":"<div class=\"entry-content\"><strong>9 April, 2025<\/strong><\/p>\n<p><strong>Die Ausstellung &#8222;Bilder, die z\u00e4hlen. Kulturelle Stereotypen im klassischen Filmplakat&#8220; wird vom 11. April bis zum 4. Mai im Palacio de Formaci\u00f3n y Congresos de Fuerteventura zu sehen sein.<\/strong><\/p>\n<p><strong> <\/strong><strong>Als Hommage an den K\u00fcnstler Pepe D\u00e1maso werden die Plakate der von ihm inszenierten Spielfilme &#8222;Umbr\u00eda&#8220; und &#8222;R\u00e9quiem para un absurdo&#8220; ausgestellt.<\/strong><\/p>\n<p>Mit der Ausstellung &#8222;Bilder, die z\u00e4hlen. Kulturelle Stereotypen im klassischen Filmplakat&#8220; l\u00e4dt die Regierung der Kanarischen Inseln in Zusammenarbeit mit der Kulturabteilung der Inselregierung von Fuerteventura das Publikum ein, die historische Entwicklung des Kinos und seinen Einfluss auf die Gesellschaft anhand einer Auswahl von vierzig Plakaten aus der Sammlung der Filmoteca Canaria zu entdecken. Die von der Wissenschaftlerin Goretti Garc\u00eda kuratierte Ausstellung wird von Freitag, dem 11. April, bis zum 4. Mai im Chillida-Saal des Schulungs- und Kongresszentrums von Fuerteventura (Puerto del Rosario) zu sehen sein. <\/p>\n<p>Nach dem Besuch des Museo Ag\u00e1ldar auf Gran Canaria und der Ermita de San Miguel auf Teneriffa zieht die Wanderausstellung im Rahmen des 40-j\u00e4hrigen Bestehens der Filmoteca Canaria nach Fuerteventura. Die Abteilung f\u00fcr Kulturerbe des Kanarischen Instituts f\u00fcr kulturelle Entwicklung (ICDC) organisiert diese Ausstellung, um die historische und kulturelle Bedeutung von Filmplakaten nicht nur als Werbemittel, sondern auch als Spiegelbild der Gesellschaft der jeweiligen Zeit zu verbreiten. <\/p>\n<p>Der visuelle Reichtum der Werke ber\u00fchmter Plakatgestalter wie Jano, Solig\u00f3, Mataix, Albericio und A. Peris veranschaulicht die Entwicklung der k\u00fcnstlerischen Stile und der Marketingstrategien f\u00fcr Filme, die die Aufmerksamkeit des Publikums auf sich ziehen und einen unbestreitbaren Einfluss auf die Popul\u00e4rkultur haben.<\/p>\n<p>In diesem Sinne geht diese Plakatsammlung \u00fcber einen Werbezweck hinaus; sie sind Reproduktionen kultureller Stereotypen, Moden und sozialer Br\u00e4uche. Gef\u00fchle wie Liebe, Hass, Freundschaft, Freude oder Traurigkeit werden in den Filmplakaten durch Bild, Farbe und Typografie als kraftvolles Mittel der \u00dcbertragung und des Ausdrucks sichtbar gemacht. <\/p>\n<p>Die Ausstellung wird von einem Katalog begleitet, der die Forschungen der Kuratorin Goretti Garc\u00eda zu diesen Kulturg\u00fctern, die Teil der Produktion und Verbreitung eines Films sind, enth\u00e4lt. Um das Ausma\u00df des Einflusses von Filmplakaten auf die kulturelle Identit\u00e4t zu messen, analysiert die Autorin die Konfiguration von Merkmalen und Klischees auf der Grundlage von Elementen und Modellen, die durch die siebte Kunst importiert wurden. <\/p>\n<p><strong>Hommage an Pepe D\u00e1maso<\/strong><\/p>\n<p>Als Hommage an den Maler und Filmemacher Pepe D\u00e1maso wurden die Plakate der beiden einzigen Spielfilme, bei denen er Regie f\u00fchrte, &#8222;La Umbr\u00eda&#8220; und &#8222;R\u00e9quiem para un absurd&#8220;, wiedergefunden. Bei diesen vom K\u00fcnstler selbst angefertigten Werken handelt es sich nicht um blo\u00dfe Plakate, sondern um echte Kunstwerke, die D\u00e1masos ganz pers\u00f6nliche \u00e4sthetische Vision widerspiegeln. <\/p>\n<p>Durch eine symboltr\u00e4chtige Bildsprache behandelt der K\u00fcnstler universelle Themen wie den Tod und die Absurdit\u00e4t der menschlichen Existenz. Beide Werke spiegeln sehr charakteristische Aspekte der Vorstellungswelt des &#8222;Malers der Sch\u00e4del&#8220; und Preistr\u00e4gers des Kanarischen Kunstpreises 1996 wider. <\/p>\n<p>Die \u00d6ffnungszeiten des Palacio de Formaci\u00f3n y Congresos de Fuerteventura f\u00fcr den Besuch der Ausstellung sind vom 11. April bis zum 4. Mai von Montag bis Sonntag von 10:00 bis 20:00 Uhr bei freiem Eintritt, bis die volle Kapazit\u00e4t erreicht ist.<\/p>\n<\/div>\n","protected":false},"excerpt":{"rendered":"<p>9 April, 2025 Die Ausstellung &#8222;Bilder, die z\u00e4hlen. Kulturelle Stereotypen im klassischen Filmplakat&#8220; wird vom 11. April bis zum 4. Mai im Palacio de Formaci\u00f3n y Congresos de Fuerteventura zu [&hellip;]<\/p>\n","protected":false},"author":1,"featured_media":690,"comment_status":"open","ping_status":"open","sticky":false,"template":"","format":"standard","meta":{"inline_featured_image":false,"jnews-multi-image_gallery":[],"jnews_single_post":[],"jnews_primary_category":[],"jnews_social_meta":[],"jnews_override_counter":[],"jnews_post_split":[],"footnotes":""},"categories":[293],"tags":[82,216,217,237],"class_list":["post-1357","post","type-post","status-publish","format-standard","has-post-thumbnail","hentry","category-puerto-del-rosario-de","tag-fuerteventura","tag-fuerteventura-de","tag-kultur-und-freizeit","tag-veranstaltungen"],"jetpack_featured_media_url":"https:\/\/informacionlocal.es\/wp-content\/uploads\/2025\/04\/imagenes-que-cuentan.jpeg","_links":{"self":[{"href":"https:\/\/informacionlocal.es\/de\/wp-json\/wp\/v2\/posts\/1357","targetHints":{"allow":["GET"]}}],"collection":[{"href":"https:\/\/informacionlocal.es\/de\/wp-json\/wp\/v2\/posts"}],"about":[{"href":"https:\/\/informacionlocal.es\/de\/wp-json\/wp\/v2\/types\/post"}],"author":[{"embeddable":true,"href":"https:\/\/informacionlocal.es\/de\/wp-json\/wp\/v2\/users\/1"}],"replies":[{"embeddable":true,"href":"https:\/\/informacionlocal.es\/de\/wp-json\/wp\/v2\/comments?post=1357"}],"version-history":[{"count":1,"href":"https:\/\/informacionlocal.es\/de\/wp-json\/wp\/v2\/posts\/1357\/revisions"}],"predecessor-version":[{"id":1740,"href":"https:\/\/informacionlocal.es\/de\/wp-json\/wp\/v2\/posts\/1357\/revisions\/1740"}],"wp:featuredmedia":[{"embeddable":true,"href":"https:\/\/informacionlocal.es\/de\/wp-json\/wp\/v2\/media\/690"}],"wp:attachment":[{"href":"https:\/\/informacionlocal.es\/de\/wp-json\/wp\/v2\/media?parent=1357"}],"wp:term":[{"taxonomy":"category","embeddable":true,"href":"https:\/\/informacionlocal.es\/de\/wp-json\/wp\/v2\/categories?post=1357"},{"taxonomy":"post_tag","embeddable":true,"href":"https:\/\/informacionlocal.es\/de\/wp-json\/wp\/v2\/tags?post=1357"}],"curies":[{"name":"wp","href":"https:\/\/api.w.org\/{rel}","templated":true}]}}