{"id":13569,"date":"2025-11-06T10:05:51","date_gmt":"2025-11-06T10:05:51","guid":{"rendered":"https:\/\/informacionlocal.es\/el-cabildo-de-fuerteventura-realiza-un-inventario-de-la-obra-del-maestro-ebanista-jose-melian-martin\/"},"modified":"2025-11-06T10:05:51","modified_gmt":"2025-11-06T10:05:51","slug":"el-cabildo-de-fuerteventura-realiza-un-inventario-de-la-obra-del-maestro-ebanista-jose-melian-martin","status":"publish","type":"post","link":"https:\/\/informacionlocal.es\/de\/el-cabildo-de-fuerteventura-realiza-un-inventario-de-la-obra-del-maestro-ebanista-jose-melian-martin\/","title":{"rendered":"El Cabildo de Fuerteventura realiza un inventario de la obra del maestro ebanista Jos\u00e9 Meli\u00e1n Mart\u00edn"},"content":{"rendered":"<div class=\"entry-content\"><strong>6 noviembre, 2025<\/strong><\/p>\n<p><em><strong>Las labores de inventariado y catalogaci\u00f3n son coordinadas por el conservador Lorenzo Mateo Casta\u00f1eyra<\/strong><\/em><\/p>\n<p>El Cabildo de Fuerteventura, a trav\u00e9s de la Consejer\u00eda de Artesan\u00eda, ha puesto en marcha los trabajos de inventario y catalogaci\u00f3n de la obra de Jos\u00e9 Meli\u00e1n Mart\u00edn, un maestro majorero del oficio de ebanista con un profundo conocimiento de la madera y sus propiedades.<\/p>\n<p>La consejera de Artesan\u00eda, Lolina Negr\u00edn, pone en valor la figura de Jos\u00e9 Meli\u00e1n, un maestro que combina la sabidur\u00eda tradicional con la creatividad y la experimentaci\u00f3n para crear piezas \u00fanicas de gran belleza y perfecci\u00f3n t\u00e9cnica.<\/p>\n<p>El inventario y catalogaci\u00f3n est\u00e1 siendo realizado y coordinado por Lorenzo Mateo Casta\u00f1eyra, conservador de bienes muebles y autor del primer inventario de Bienes Hist\u00f3ricos de Fuerteventura, adem\u00e1s de colaborador en los inventarios de Lanzarote, Gran Canaria y Tenerife.<\/p>\n<p>De esta manera, se lleva a cabo un exhaustivo inventario y catalogaci\u00f3n de la obra de Jos\u00e9 Meli\u00e1n Mart\u00edn, que se encuentra repartida por toda la Isla. La ficha t\u00e9cnica de cada obra contendr\u00e1 aspectos como estado de conservaci\u00f3n, memoria de tratamientos de restauraci\u00f3n recibida, materiales, dimensiones, entre otros aspectos, como las recomendaciones para su conservaci\u00f3n. Asimismo, se realizar\u00e1n grabaciones de audio y v\u00eddeo con el autor, con el fin de completar la documentaci\u00f3n y difundir la obra de este artista majorero.<\/p>\n<p><strong>Jos\u00e9 Meli\u00e1n Mart\u00edn (Antigua, 1943)<\/strong>\u00a0curs\u00f3 sus estudios de Bachiller Laboral en el Colegio Virgen del Pino de Las Palmas de Gran Canaria, donde se especializ\u00f3 en ebanister\u00eda y talla de madera. Su obra abarca gran diversidad de temas, as\u00ed como muy variados son los materiales con los que ha trabajado a lo largo de su dilatada trayectoria. Gran parte de su obra se encuentra repartida por la mayor\u00eda de templos de Fuerteventura y en diferentes colecciones privadas.<\/p>\n<p>Meli\u00e1n ha colaborado en tareas de conservaci\u00f3n y restauraci\u00f3n de elementos patrimoniales como el Molino de Antigua, los edificios del Complejo Cultural Patrimonial de Ampuyenta, las puertas de la Iglesia de Valle de Santa In\u00e9s, la Iglesia de Santa Mar\u00eda de Betancuria o el trono de la Virgen del Rosario, entre otras.<\/p>\n<\/div>\n","protected":false},"excerpt":{"rendered":"<p>6 noviembre, 2025 Las labores de inventariado y catalogaci\u00f3n son coordinadas por el conservador Lorenzo Mateo Casta\u00f1eyra El Cabildo de Fuerteventura, a trav\u00e9s de la Consejer\u00eda de Artesan\u00eda, ha puesto [&hellip;]<\/p>\n","protected":false},"author":1,"featured_media":13571,"comment_status":"open","ping_status":"open","sticky":false,"template":"","format":"standard","meta":{"inline_featured_image":false,"jnews-multi-image_gallery":[],"jnews_single_post":[],"jnews_primary_category":[],"jnews_social_meta":[],"jnews_override_counter":[],"jnews_post_split":[],"footnotes":""},"categories":[58],"tags":[409,82],"class_list":["post-13569","post","type-post","status-publish","format-standard","has-post-thumbnail","hentry","category-cabildo","tag-conservacion","tag-fuerteventura"],"jetpack_featured_media_url":"https:\/\/informacionlocal.es\/wp-content\/uploads\/2025\/11\/dgrg.jpeg","_links":{"self":[{"href":"https:\/\/informacionlocal.es\/de\/wp-json\/wp\/v2\/posts\/13569","targetHints":{"allow":["GET"]}}],"collection":[{"href":"https:\/\/informacionlocal.es\/de\/wp-json\/wp\/v2\/posts"}],"about":[{"href":"https:\/\/informacionlocal.es\/de\/wp-json\/wp\/v2\/types\/post"}],"author":[{"embeddable":true,"href":"https:\/\/informacionlocal.es\/de\/wp-json\/wp\/v2\/users\/1"}],"replies":[{"embeddable":true,"href":"https:\/\/informacionlocal.es\/de\/wp-json\/wp\/v2\/comments?post=13569"}],"version-history":[{"count":0,"href":"https:\/\/informacionlocal.es\/de\/wp-json\/wp\/v2\/posts\/13569\/revisions"}],"wp:featuredmedia":[{"embeddable":true,"href":"https:\/\/informacionlocal.es\/de\/wp-json\/wp\/v2\/media\/13571"}],"wp:attachment":[{"href":"https:\/\/informacionlocal.es\/de\/wp-json\/wp\/v2\/media?parent=13569"}],"wp:term":[{"taxonomy":"category","embeddable":true,"href":"https:\/\/informacionlocal.es\/de\/wp-json\/wp\/v2\/categories?post=13569"},{"taxonomy":"post_tag","embeddable":true,"href":"https:\/\/informacionlocal.es\/de\/wp-json\/wp\/v2\/tags?post=13569"}],"curies":[{"name":"wp","href":"https:\/\/api.w.org\/{rel}","templated":true}]}}