{"id":13547,"date":"2025-11-05T21:58:58","date_gmt":"2025-11-05T21:58:58","guid":{"rendered":"https:\/\/informacionlocal.es\/el-alcalde-visita-el-mercadillo-de-caleta-de-fuste-para-confirmar-su-continuidad\/"},"modified":"2025-11-05T21:58:58","modified_gmt":"2025-11-05T21:58:58","slug":"el-alcalde-visita-el-mercadillo-de-caleta-de-fuste-para-confirmar-su-continuidad","status":"publish","type":"post","link":"https:\/\/informacionlocal.es\/de\/el-alcalde-visita-el-mercadillo-de-caleta-de-fuste-para-confirmar-su-continuidad\/","title":{"rendered":"El alcalde visita el Mercadillo de Caleta de Fuste para confirmar su continuidad"},"content":{"rendered":"<div class=\"elementor-widget-container\">\n<p><strong>El alcalde visita el Mercadillo de Caleta de Fuste para confirmar su continuidad<\/strong><\/p>\n<p><strong>\u2022 El Mercadillo de Caleta de Fuste se celebra los martes y s\u00e1bados en horario de ma\u00f1ana desde hace m\u00e1s de 20 a\u00f1os y el alcalde confirma su continuidad a los representantes de la asociaci\u00f3n de vendedores.<\/strong><\/p>\n<p>Este martes al mediod\u00eda, el alcalde, Mat\u00edas Pe\u00f1a Garc\u00eda, visitaba el Mercadillo de Caleta de Fuste que se celebra desde m\u00e1s de 20 a\u00f1os, los martes y s\u00e1bados de cada semana, acogiendo m\u00e1s de medio centenar de vendedores habituales desde hace a\u00f1os, y una media de visitas que supera el millar, especialmente turistas de paseo en la localidad.<\/p>\n<p>Este un Mercadillo de variedades, uno de los que m\u00e1s tiempo viene celebr\u00e1ndose en la isla, se\u00f1ala Mat\u00edas Pe\u00f1a, re\u00fane m\u00e1s de treinta nacionalidades diferentes en sus puestos, y mantiene un ambiente de diversidad, diferentes lenguas, costumbres y objetos que te trasladan a cualquier punto del mundo.<\/p>\n<p>Este Mercadillo es una alternativa de vida para cerca de un centenar de personas y sus familias, de cualquier nacionalidad, que cumplen los requisitos legales para tener un punto de venta ambulante, por el que pagan formalmente cada semana, vendiendo productos ajustados econ\u00f3micamente a su calidad y variedad, afirma el alcalde de Antigua.<\/p>\n<p>Ante los rumores mal intencionados he querido confirmar personalmente a los representantes de la asociaci\u00f3n de vendedores, que este Mercadillo de Caleta de Fuste se mantiene, incluso se mejorar\u00e1, para su comodidad y la de cientos de personas que lo visitan, en una actuaci\u00f3n y trabajo coordinado desde el Ayuntamiento de Antigua, concluye el alcalde.<\/p>\n<\/div>\n","protected":false},"excerpt":{"rendered":"<p><strong>El alcalde visita el Mercadillo de Caleta de Fuste para confirmar su continuidad<\/strong><\/p>\n","protected":false},"author":1,"featured_media":13549,"comment_status":"open","ping_status":"open","sticky":false,"template":"","format":"standard","meta":{"inline_featured_image":false,"jnews-multi-image_gallery":[],"jnews_single_post":[],"jnews_primary_category":[],"jnews_social_meta":[],"jnews_override_counter":[],"jnews_post_split":[],"footnotes":""},"categories":[59],"tags":[],"class_list":["post-13547","post","type-post","status-publish","format-standard","has-post-thumbnail","hentry","category-antigua"],"jetpack_featured_media_url":"https:\/\/informacionlocal.es\/wp-content\/uploads\/2025\/11\/visita-del-alcalde-al-mercadillo-de-caleta-de-fuste-3-scaled-1.jpg","_links":{"self":[{"href":"https:\/\/informacionlocal.es\/de\/wp-json\/wp\/v2\/posts\/13547","targetHints":{"allow":["GET"]}}],"collection":[{"href":"https:\/\/informacionlocal.es\/de\/wp-json\/wp\/v2\/posts"}],"about":[{"href":"https:\/\/informacionlocal.es\/de\/wp-json\/wp\/v2\/types\/post"}],"author":[{"embeddable":true,"href":"https:\/\/informacionlocal.es\/de\/wp-json\/wp\/v2\/users\/1"}],"replies":[{"embeddable":true,"href":"https:\/\/informacionlocal.es\/de\/wp-json\/wp\/v2\/comments?post=13547"}],"version-history":[{"count":0,"href":"https:\/\/informacionlocal.es\/de\/wp-json\/wp\/v2\/posts\/13547\/revisions"}],"wp:featuredmedia":[{"embeddable":true,"href":"https:\/\/informacionlocal.es\/de\/wp-json\/wp\/v2\/media\/13549"}],"wp:attachment":[{"href":"https:\/\/informacionlocal.es\/de\/wp-json\/wp\/v2\/media?parent=13547"}],"wp:term":[{"taxonomy":"category","embeddable":true,"href":"https:\/\/informacionlocal.es\/de\/wp-json\/wp\/v2\/categories?post=13547"},{"taxonomy":"post_tag","embeddable":true,"href":"https:\/\/informacionlocal.es\/de\/wp-json\/wp\/v2\/tags?post=13547"}],"curies":[{"name":"wp","href":"https:\/\/api.w.org\/{rel}","templated":true}]}}