{"id":1352,"date":"2025-04-10T19:26:59","date_gmt":"2025-04-10T19:26:59","guid":{"rendered":"https:\/\/informacionlocal.es\/tarajalejo-veranstaltet-die-schulmesse-fuer-gesundheit-und-wohlbefinden\/"},"modified":"2025-04-14T10:04:23","modified_gmt":"2025-04-14T10:04:23","slug":"tarajalejo-veranstaltet-die-schulmesse-fuer-gesundheit-und-wohlbefinden","status":"publish","type":"post","link":"https:\/\/informacionlocal.es\/de\/tarajalejo-veranstaltet-die-schulmesse-fuer-gesundheit-und-wohlbefinden\/","title":{"rendered":"Tarajalejo veranstaltet die Schulmesse f\u00fcr Gesundheit und Wohlbefinden"},"content":{"rendered":"<div class=\"article-content-inner\">\n<h2 class=\"wp-block-heading\">Die Veranstaltung findet am kommenden Donnerstag mit Workshops f\u00fcr Schulkinder und Familien statt.<\/h2>\n<p>Am kommenden Donnerstag, den 10. April, findet in Tarajalejo die <em>Feria Escolar Fuerteventura Centro-Sur<\/em> statt, ein Tag, der der Gesundheit, dem emotionalen Wohlbefinden und gesunden Lebensgewohnheiten gewidmet ist und sich sowohl an Schulkinder als auch an die breite \u00d6ffentlichkeit richtet.<\/p>\n<p>Im Laufe des Vormittags richtet sich die Veranstaltung an Kinder zwischen 7 und 12 Jahren aus den Schulen der Gemeinde, die an mehr als 25 Workshops zu den Themen Mundgesundheit, Herz-Lungen-Wiederbelebung, Ern\u00e4hrung, Achtsamkeit, Sport, geistige Gesundheit und vielem mehr teilnehmen werden. Au\u00dferdem ist ein <em>Solidarit\u00e4tslauf<\/em> unter dem Motto &#8222;Schritte, die verbinden, Herzen, die helfen&#8220; geplant. <\/p>\n<p>Am Nachmittag, von 16.00 bis 19.00 Uhr, \u00f6ffnet die Messe ihre Pforten f\u00fcr Familien und die breite \u00d6ffentlichkeit, mit einem Yoga-Meisterkurs, Familienaktivit\u00e4ten, einem Wettbewerb f\u00fcr gesunde Gerichte und einer musikalischen \u00dcberraschungsvorstellung zum Abschluss des Tages.<\/p>\n<p>Der Stadtrat f\u00fcr Bildung, <strong>David Herrera<\/strong>, betonte die Bedeutung dieser Veranstaltung: &#8222;Wir wollen, dass die Bildungsgemeinschaft und die Familien eine lehrreiche und unterhaltsame Erfahrung voller positiver Werte machen. Diese Messe zeigt, dass Gesundheit auch durch Koexistenz und Partizipation erzogen wird&#8220;.<\/p>\n<p>Die B\u00fcrgermeisterin von Tuineje, <strong>Candelaria Umpi\u00e9rrez<\/strong>, wies auf den bereichs\u00fcbergreifenden Charakter dieser Initiative hin: &#8222;Im Rathaus unterst\u00fctzen wir weiterhin Aktivit\u00e4ten, die das Wohlbefinden unserer B\u00fcrger f\u00f6rdern. Diese Messe spiegelt die gemeinsame Arbeit von Schulen, Vereinen, Gesundheitsexperten und Freiwilligen wider&#8220;.<\/p>\n<p>Die <em>Schulmesse von Fuerteventura Centro-Sur<\/em> wird in Zusammenarbeit mit dem Gesundheitsamt des Gesundheitsbezirks Fuerteventura, dem Roten Kreuz, der Krankenpflegeschule von Las Palmas, verschiedenen Nichtregierungsorganisationen, Sportvereinen und Schulen der Region veranstaltet.<\/p>\n<\/div>\n","protected":false},"excerpt":{"rendered":"<p>Die Veranstaltung findet am kommenden Donnerstag mit Workshops f\u00fcr Schulkinder und Familien statt. Am kommenden Donnerstag, den 10. April, findet in Tarajalejo die Feria Escolar Fuerteventura Centro-Sur statt, ein Tag, [&hellip;]<\/p>\n","protected":false},"author":1,"featured_media":699,"comment_status":"open","ping_status":"open","sticky":false,"template":"","format":"standard","meta":{"inline_featured_image":false,"jnews-multi-image_gallery":[],"jnews_single_post":[],"jnews_primary_category":[],"jnews_social_meta":[],"jnews_override_counter":[],"jnews_post_split":[],"footnotes":""},"categories":[299],"tags":[214,216,277,217,237],"class_list":["post-1352","post","type-post","status-publish","format-standard","has-post-thumbnail","hentry","category-tuineje-de","tag-bildung","tag-fuerteventura-de","tag-gesundheit","tag-kultur-und-freizeit","tag-veranstaltungen"],"jetpack_featured_media_url":"https:\/\/informacionlocal.es\/wp-content\/uploads\/2025\/04\/captura-de-pantalla-2025-04-07-a-las-15-48-15.png","_links":{"self":[{"href":"https:\/\/informacionlocal.es\/de\/wp-json\/wp\/v2\/posts\/1352","targetHints":{"allow":["GET"]}}],"collection":[{"href":"https:\/\/informacionlocal.es\/de\/wp-json\/wp\/v2\/posts"}],"about":[{"href":"https:\/\/informacionlocal.es\/de\/wp-json\/wp\/v2\/types\/post"}],"author":[{"embeddable":true,"href":"https:\/\/informacionlocal.es\/de\/wp-json\/wp\/v2\/users\/1"}],"replies":[{"embeddable":true,"href":"https:\/\/informacionlocal.es\/de\/wp-json\/wp\/v2\/comments?post=1352"}],"version-history":[{"count":1,"href":"https:\/\/informacionlocal.es\/de\/wp-json\/wp\/v2\/posts\/1352\/revisions"}],"predecessor-version":[{"id":1714,"href":"https:\/\/informacionlocal.es\/de\/wp-json\/wp\/v2\/posts\/1352\/revisions\/1714"}],"wp:featuredmedia":[{"embeddable":true,"href":"https:\/\/informacionlocal.es\/de\/wp-json\/wp\/v2\/media\/699"}],"wp:attachment":[{"href":"https:\/\/informacionlocal.es\/de\/wp-json\/wp\/v2\/media?parent=1352"}],"wp:term":[{"taxonomy":"category","embeddable":true,"href":"https:\/\/informacionlocal.es\/de\/wp-json\/wp\/v2\/categories?post=1352"},{"taxonomy":"post_tag","embeddable":true,"href":"https:\/\/informacionlocal.es\/de\/wp-json\/wp\/v2\/tags?post=1352"}],"curies":[{"name":"wp","href":"https:\/\/api.w.org\/{rel}","templated":true}]}}