{"id":1341,"date":"2025-04-10T19:44:38","date_gmt":"2025-04-10T19:44:38","guid":{"rendered":"https:\/\/informacionlocal.es\/das-rathaus-von-pajara-schliesst-die-verbesserungsarbeiten-in-der-strasse-albacora-in-la-lajita-ab\/"},"modified":"2025-04-14T10:01:34","modified_gmt":"2025-04-14T10:01:34","slug":"das-rathaus-von-pajara-schliesst-die-verbesserungsarbeiten-in-der-strasse-albacora-in-la-lajita-ab","status":"publish","type":"post","link":"https:\/\/informacionlocal.es\/de\/das-rathaus-von-pajara-schliesst-die-verbesserungsarbeiten-in-der-strasse-albacora-in-la-lajita-ab\/","title":{"rendered":"Das Rathaus von P\u00e1jara schlie\u00dft die Verbesserungsarbeiten in der Stra\u00dfe Albacora in La Lajita ab"},"content":{"rendered":"<div class=\"entry-content\">\n<p><b><i>Die Arbeiten umfassten die Erneuerung des Entw\u00e4sserungssystems, die Verbesserung von Bordsteinen und Gehwegen sowie die vollst\u00e4ndige Erneuerung des Stra\u00dfenbelags.  <\/i><\/b><\/p>\n<p><span>Das Rathaus von P\u00e1jara hat \u00fcber das Bauamt die Arbeiten zur Verbesserung der Stra\u00dfe Albacora in der Gemeinde La Lajita abgeschlossen. Das Ziel dieses Projekts war die Verbesserung der Infrastruktur in diesem Gebiet.   <\/span><\/p>\n<p><span>Der erste stellvertretende B\u00fcrgermeister und Stadtrat f\u00fcr Bauwesen, Alexis Alonso, hob die Bedeutung dieser Verbesserungen f\u00fcr die Gemeinde hervor. &#8222;Die Arbeiten umfassten die vollst\u00e4ndige Erneuerung des Entw\u00e4sserungssystems, die Erneuerung von Bordsteinen und Gehwegen sowie die Erneuerung des gesamten Stra\u00dfenbelags. Diese Verbesserungen machen die Stra\u00dfe nicht nur sicherer und besser befahrbar, sondern tragen auch zur Modernisierung unserer Infrastruktur und zum Wohlbefinden der Anwohner bei&#8220;, f\u00fcgte er hinzu. <\/span><\/p>\n<p><span>Der B\u00fcrgermeister von P\u00e1jara, Alejandro Jorge, betonte seinerseits das Engagement des Rathauses f\u00fcr die kontinuierliche Verbesserung der st\u00e4dtischen Gebiete in der gesamten Gemeinde. &#8222;Diese Arbeiten sind ein Beispiel f\u00fcr das Engagement dieser Regierungsmannschaft, unseren Nachbarn eine schrittweise Verbesserung der Infrastruktur zu bieten&#8220;, betonte er.   <\/span><\/p>\n<p><span>Das Rathaus von P\u00e1jara arbeitet weiter an der Renovierung der wichtigsten Infrastrukturen f\u00fcr die Stadtentwicklung der Gemeinde, um eine besser zug\u00e4ngliche und sicherere Umgebung zu gew\u00e4hrleisten.  <\/span><\/p>\n<div>Teilen Sie<\/div>\n<\/div>\n","protected":false},"excerpt":{"rendered":"<p><i>Die Arbeiten umfassten die Erneuerung des Entw\u00e4sserungssystems, die Verbesserung von Bordsteinen und Gehwegen sowie die vollst\u00e4ndige Erneuerung des Stra\u00dfenbelags.  <\/i><\/p>\n","protected":false},"author":1,"featured_media":702,"comment_status":"open","ping_status":"open","sticky":false,"template":"","format":"standard","meta":{"inline_featured_image":false,"jnews-multi-image_gallery":[],"jnews_single_post":[],"jnews_primary_category":[],"jnews_social_meta":[],"jnews_override_counter":[],"jnews_post_split":[],"footnotes":""},"categories":[297],"tags":[246,216,196,197],"class_list":["post-1341","post","type-post","status-publish","format-standard","has-post-thumbnail","hentry","category-pajara-de","tag-formalitaten","tag-fuerteventura-de","tag-gemeinden","tag-offentliche-dienste"],"jetpack_featured_media_url":"https:\/\/informacionlocal.es\/wp-content\/uploads\/2025\/04\/calle-albacora.png","_links":{"self":[{"href":"https:\/\/informacionlocal.es\/de\/wp-json\/wp\/v2\/posts\/1341","targetHints":{"allow":["GET"]}}],"collection":[{"href":"https:\/\/informacionlocal.es\/de\/wp-json\/wp\/v2\/posts"}],"about":[{"href":"https:\/\/informacionlocal.es\/de\/wp-json\/wp\/v2\/types\/post"}],"author":[{"embeddable":true,"href":"https:\/\/informacionlocal.es\/de\/wp-json\/wp\/v2\/users\/1"}],"replies":[{"embeddable":true,"href":"https:\/\/informacionlocal.es\/de\/wp-json\/wp\/v2\/comments?post=1341"}],"version-history":[{"count":1,"href":"https:\/\/informacionlocal.es\/de\/wp-json\/wp\/v2\/posts\/1341\/revisions"}],"predecessor-version":[{"id":1662,"href":"https:\/\/informacionlocal.es\/de\/wp-json\/wp\/v2\/posts\/1341\/revisions\/1662"}],"wp:featuredmedia":[{"embeddable":true,"href":"https:\/\/informacionlocal.es\/de\/wp-json\/wp\/v2\/media\/702"}],"wp:attachment":[{"href":"https:\/\/informacionlocal.es\/de\/wp-json\/wp\/v2\/media?parent=1341"}],"wp:term":[{"taxonomy":"category","embeddable":true,"href":"https:\/\/informacionlocal.es\/de\/wp-json\/wp\/v2\/categories?post=1341"},{"taxonomy":"post_tag","embeddable":true,"href":"https:\/\/informacionlocal.es\/de\/wp-json\/wp\/v2\/tags?post=1341"}],"curies":[{"name":"wp","href":"https:\/\/api.w.org\/{rel}","templated":true}]}}