{"id":1337,"date":"2025-04-11T01:14:10","date_gmt":"2025-04-11T01:14:10","guid":{"rendered":"https:\/\/informacionlocal.es\/betancuria-foerdert-das-projekt-formate-fuer-die-bevoelkerung-der-gemeinde\/"},"modified":"2025-04-14T10:03:42","modified_gmt":"2025-04-14T10:03:42","slug":"betancuria-foerdert-das-projekt-formate-fuer-die-bevoelkerung-der-gemeinde","status":"publish","type":"post","link":"https:\/\/informacionlocal.es\/de\/betancuria-foerdert-das-projekt-formate-fuer-die-bevoelkerung-der-gemeinde\/","title":{"rendered":"Betancuria f\u00f6rdert das Projekt &#8222;F\u00f3rmate&#8220; f\u00fcr die Bev\u00f6lkerung der Gemeinde."},"content":{"rendered":"<div class=\"inner-box\">\n<figure class=\"image-box\"><img fetchpriority=\"high\" decoding=\"async\" width=\"730\" height=\"500\" src=\"https:\/\/informacionlocal.es\/wp-content\/uploads\/2025\/04\/dsc0296-730x500-2.jpg\" class=\"attachment-whitehall_730x500 size-whitehall_730x500 wp-post-image\" title=\"dsc0296-730x500-2\"><\/figure>\n<div class=\"post-date\">\n<h3>24Sep<span>&#8217;24<\/span><\/h3>\n<\/div>\n<div class=\"lower-content\">\n<div class=\"category\">Nachrichten, Ank\u00fcndigungen<\/div>\n<ul class=\"post-info clearfix\">\n<li>Presse<\/li>\n<li>0 Kommentar<\/li>\n<\/ul>\n<\/div>\n<p>Der B\u00fcrgermeister von Betancuria, Enrique Cerde\u00f1a, informiert die Bev\u00f6lkerung der Gemeinde durch eine Proklamation, dass das Rathaus von Betancuria in Zusammenarbeit mit Radio ECCA Fundaci\u00f3n Canaria das Projekt &#8222;F\u00d3RMATE&#8220; zur Verbesserung der akademischen Ausbildung der Bev\u00f6lkerung der Gemeinde Betancuria f\u00f6rdern will.<\/p>\n<p>Ziel dieses Projekts ist es, &#8222;die M\u00f6glichkeit zu bieten, Menschen auszubilden, indem man ihnen den offiziellen Abschluss eines Sekundarschulabschlusses bietet, der Teil der beruflichen Bildung des derzeitigen spanischen Bildungssystems ist&#8220;.<\/p>\n<p>Personen, die in dieser Gemeinde gemeldet sind und an einer Teilnahme interessiert sind, k\u00f6nnen sich montags bis freitags von 9.00-14.00 Uhr unter der Telefonnummer 618-07-24-44 an die Abteilung f\u00fcr soziale Dienste wenden. Au\u00dferdem kann man sich von Montag bis Freitag von 9.00-14.00 Uhr an das B\u00fcrgerb\u00fcro von Valle de Santa In\u00e9s<br \/>wenden (Tel. 928-87-80-92 Ext-9).  <\/p>\n<p>Die Anmeldefrist f\u00fcr Interessierte beginnt am Montag, den 23. September und endet am Montag, den 30. September 2024. Bevorzugt werden diejenigen, die sich in der letzten Phase der Sekundarschule befinden. Die Zulassung erfolgt in der Reihenfolge des Eingangs der Bewerbungen.  <\/p>\n<\/div>\n","protected":false},"excerpt":{"rendered":"<p>24Sep&#8217;24 Nachrichten, Ank\u00fcndigungen Presse 0 Kommentar Der B\u00fcrgermeister von Betancuria, Enrique Cerde\u00f1a, informiert die Bev\u00f6lkerung der Gemeinde durch eine Proklamation, dass das Rathaus von Betancuria in Zusammenarbeit mit Radio ECCA [&hellip;]<\/p>\n","protected":false},"author":1,"featured_media":768,"comment_status":"open","ping_status":"open","sticky":false,"template":"","format":"standard","meta":{"inline_featured_image":false,"jnews-multi-image_gallery":[],"jnews_single_post":[],"jnews_primary_category":[],"jnews_social_meta":[],"jnews_override_counter":[],"jnews_post_split":[],"footnotes":""},"categories":[285],"tags":[215,214,246,196,197],"class_list":["post-1337","post","type-post","status-publish","format-standard","has-post-thumbnail","hentry","category-betancuria-de","tag-beschaftigung-und-ausbildung","tag-bildung","tag-formalitaten","tag-gemeinden","tag-offentliche-dienste"],"jetpack_featured_media_url":"https:\/\/informacionlocal.es\/wp-content\/uploads\/2025\/04\/dsc0296-730x500-1.jpg","_links":{"self":[{"href":"https:\/\/informacionlocal.es\/de\/wp-json\/wp\/v2\/posts\/1337","targetHints":{"allow":["GET"]}}],"collection":[{"href":"https:\/\/informacionlocal.es\/de\/wp-json\/wp\/v2\/posts"}],"about":[{"href":"https:\/\/informacionlocal.es\/de\/wp-json\/wp\/v2\/types\/post"}],"author":[{"embeddable":true,"href":"https:\/\/informacionlocal.es\/de\/wp-json\/wp\/v2\/users\/1"}],"replies":[{"embeddable":true,"href":"https:\/\/informacionlocal.es\/de\/wp-json\/wp\/v2\/comments?post=1337"}],"version-history":[{"count":1,"href":"https:\/\/informacionlocal.es\/de\/wp-json\/wp\/v2\/posts\/1337\/revisions"}],"predecessor-version":[{"id":1680,"href":"https:\/\/informacionlocal.es\/de\/wp-json\/wp\/v2\/posts\/1337\/revisions\/1680"}],"wp:featuredmedia":[{"embeddable":true,"href":"https:\/\/informacionlocal.es\/de\/wp-json\/wp\/v2\/media\/768"}],"wp:attachment":[{"href":"https:\/\/informacionlocal.es\/de\/wp-json\/wp\/v2\/media?parent=1337"}],"wp:term":[{"taxonomy":"category","embeddable":true,"href":"https:\/\/informacionlocal.es\/de\/wp-json\/wp\/v2\/categories?post=1337"},{"taxonomy":"post_tag","embeddable":true,"href":"https:\/\/informacionlocal.es\/de\/wp-json\/wp\/v2\/tags?post=1337"}],"curies":[{"name":"wp","href":"https:\/\/api.w.org\/{rel}","templated":true}]}}