{"id":13367,"date":"2025-10-31T23:58:24","date_gmt":"2025-10-31T23:58:24","guid":{"rendered":"https:\/\/informacionlocal.es\/el-cabildo-establece-servicios-especiales-de-guaguas-para-el-festival-arena-negra\/"},"modified":"2025-10-31T23:58:24","modified_gmt":"2025-10-31T23:58:24","slug":"el-cabildo-establece-servicios-especiales-de-guaguas-para-el-festival-arena-negra","status":"publish","type":"post","link":"https:\/\/informacionlocal.es\/de\/el-cabildo-establece-servicios-especiales-de-guaguas-para-el-festival-arena-negra\/","title":{"rendered":"El Cabildo establece servicios especiales de guaguas para el Festival Arena Negra"},"content":{"rendered":"<div class=\"entry-content\"><strong>31 octubre, 2025<\/strong><\/p>\n<p>El Cabildo de Fuerteventura, a trav\u00e9s de la Consejer\u00eda de Transportes y la empresa concesionaria que presta el servicio de transporte regular interurbano de viajeros, ponen en marcha una programaci\u00f3n especial de guaguas con motivo de la celebraci\u00f3n del Festival Arena Negra que tendr\u00e1 lugar los d\u00edas 7 y 8 de noviembre.<\/p>\n<p>Los servicios especiales se sumar\u00e1n a la programaci\u00f3n habitual del transporte p\u00fablico, ofreciendo opciones adicionales a los viajeros. Los horarios y rutas de los servicios especiales son los siguientes. Se permite el uso del bono.<\/p>\n<p>La programaci\u00f3n especial de guaguas queda de la siguiente manera:<\/p>\n<p><strong>Puerto del Rosario-Gran Tarajal<\/strong>\u00a0(l\u00ednea 16) frecuencias: 20.00 horas, 20.30 horas, 22.00 horas y 22.30 horas.<\/p>\n<p><strong>Gran Tarajal-Puerto del Rosario<\/strong>\u00a0(l\u00ednea 16) frecuencias: 21.00 horas, 21.30 horas,\u00a0<a>02.00 horas<\/a>, 02.30 horas, 04.00 horas y 04.30 horas.<\/p>\n<p><strong>Morro Jable-Gran Tarajal<\/strong>\u00a0(l\u00ednea 01) frecuencias: 20.00 horas, 20.30 horas, 22.00 horas, 22.30 horas.<\/p>\n<p><strong>Gran Tarajal-Morro Jable<\/strong>\u00a0(l\u00ednea 01) frecuencias: 21.00 horas, 21.30 horas, 02.00 horas, 02.30 horas, 04.00 horas, 04.30 horas.<\/p>\n<\/div>\n","protected":false},"excerpt":{"rendered":"<p>31 octubre, 2025 El Cabildo de Fuerteventura, a trav\u00e9s de la Consejer\u00eda de Transportes y la empresa concesionaria que presta el servicio de transporte regular interurbano de viajeros, ponen en [&hellip;]<\/p>\n","protected":false},"author":1,"featured_media":13369,"comment_status":"open","ping_status":"open","sticky":false,"template":"","format":"standard","meta":{"inline_featured_image":false,"jnews-multi-image_gallery":[],"jnews_single_post":[],"jnews_primary_category":[],"jnews_social_meta":[],"jnews_override_counter":[],"jnews_post_split":[],"footnotes":""},"categories":[58],"tags":[82,75],"class_list":["post-13367","post","type-post","status-publish","format-standard","has-post-thumbnail","hentry","category-cabildo","tag-fuerteventura","tag-transportes"],"jetpack_featured_media_url":"https:\/\/informacionlocal.es\/wp-content\/uploads\/2025\/10\/eet.jpeg","_links":{"self":[{"href":"https:\/\/informacionlocal.es\/de\/wp-json\/wp\/v2\/posts\/13367","targetHints":{"allow":["GET"]}}],"collection":[{"href":"https:\/\/informacionlocal.es\/de\/wp-json\/wp\/v2\/posts"}],"about":[{"href":"https:\/\/informacionlocal.es\/de\/wp-json\/wp\/v2\/types\/post"}],"author":[{"embeddable":true,"href":"https:\/\/informacionlocal.es\/de\/wp-json\/wp\/v2\/users\/1"}],"replies":[{"embeddable":true,"href":"https:\/\/informacionlocal.es\/de\/wp-json\/wp\/v2\/comments?post=13367"}],"version-history":[{"count":0,"href":"https:\/\/informacionlocal.es\/de\/wp-json\/wp\/v2\/posts\/13367\/revisions"}],"wp:featuredmedia":[{"embeddable":true,"href":"https:\/\/informacionlocal.es\/de\/wp-json\/wp\/v2\/media\/13369"}],"wp:attachment":[{"href":"https:\/\/informacionlocal.es\/de\/wp-json\/wp\/v2\/media?parent=13367"}],"wp:term":[{"taxonomy":"category","embeddable":true,"href":"https:\/\/informacionlocal.es\/de\/wp-json\/wp\/v2\/categories?post=13367"},{"taxonomy":"post_tag","embeddable":true,"href":"https:\/\/informacionlocal.es\/de\/wp-json\/wp\/v2\/tags?post=13367"}],"curies":[{"name":"wp","href":"https:\/\/api.w.org\/{rel}","templated":true}]}}