{"id":13349,"date":"2025-10-31T20:58:21","date_gmt":"2025-10-31T20:58:21","guid":{"rendered":"https:\/\/informacionlocal.es\/pajara-celebra-la-autorizacion-de-costas-canarias-al-cabildo-de-fuerteventura-para-la-recuperacion-del-saladar-de-jandia\/"},"modified":"2025-10-31T20:58:21","modified_gmt":"2025-10-31T20:58:21","slug":"pajara-celebra-la-autorizacion-de-costas-canarias-al-cabildo-de-fuerteventura-para-la-recuperacion-del-saladar-de-jandia","status":"publish","type":"post","link":"https:\/\/informacionlocal.es\/de\/pajara-celebra-la-autorizacion-de-costas-canarias-al-cabildo-de-fuerteventura-para-la-recuperacion-del-saladar-de-jandia\/","title":{"rendered":"P\u00e1jara celebra la autorizaci\u00f3n de Costas Canarias al Cabildo de Fuerteventura para la recuperaci\u00f3n del Saladar de Jand\u00eda\u00a0"},"content":{"rendered":"<div class=\"entry-content\">\n<p><b><i>El Ayuntamiento ofrece su plena colaboraci\u00f3n para la ejecuci\u00f3n del proyecto y reafirma su compromiso con la protecci\u00f3n del medio ambiente\u00a0<\/i><\/b><\/p>\n<p><span>El Ayuntamiento de P\u00e1jara muestra su satisfacci\u00f3n ante la noticia de que el Cabildo de Fuerteventura ha obtenido los permisos de la Direcci\u00f3n General de Costas del Gobierno de Canarias para llevar a cabo el proyecto de recuperaci\u00f3n del Saladar de Jand\u00eda.\u00a0<\/span><\/p>\n<p><span>El proyecto contempla, entre otras actuaciones, la retirada de la antigua depuradora, una demanda ciudadana de hace muchos a\u00f1os, que permitir\u00e1 mejorar notablemente tanto el estado del saladar como la imagen de este espacio natural.\u00a0<\/span><\/p>\n<p><span>El alcalde de P\u00e1jara, Alejandro Jorge, y el primer teniente de alcalde, Alexis Alonso, celebran este importante avance y expresan la plena disposici\u00f3n del Ayuntamiento para ofrecer toda la colaboraci\u00f3n t\u00e9cnica, jur\u00eddica y administrativa necesaria para hacer realidad este proyecto.\u00a0<\/span><\/p>\n<p><span>Asimismo, el Gobierno Municipal recuerda otro hito reciente en materia medioambiental, impulsado por el Gobierno de Canarias y Agencia de Protecci\u00f3n el Medio Urbano y Natural, como es el cierre del vertedero del Barranco de Guerepe , en Matas Blancas, una actuaci\u00f3n que da cumplimiento a una advertencia realizada por la Uni\u00f3n europea y que refuerza el compromiso de P\u00e1jara con la gesti\u00f3n responsable de residuos.\u00a0<\/span><\/p>\n<p><span>Desde el Ayuntamiento se subraya que la protecci\u00f3n del medio ambiente constituye uno de los grandes valores del municipio, no solo por su relevancia en el paisaje y el desarrollo sostenible, sino tambi\u00e9n por su impacto directo en la calidad de vida de los vecinos y vecinas de P\u00e1jara.\u00a0<\/span><\/p>\n<\/div>\n","protected":false},"excerpt":{"rendered":"<p><i>El Ayuntamiento ofrece su plena colaboraci\u00f3n para la ejecuci\u00f3n del proyecto y reafirma su compromiso con la protecci\u00f3n del medio ambiente\u00a0<\/i><\/p>\n","protected":false},"author":1,"featured_media":13351,"comment_status":"open","ping_status":"open","sticky":false,"template":"","format":"standard","meta":{"inline_featured_image":false,"jnews-multi-image_gallery":[],"jnews_single_post":[],"jnews_primary_category":[],"jnews_social_meta":[],"jnews_override_counter":[],"jnews_post_split":[],"footnotes":""},"categories":[63],"tags":[82,76],"class_list":["post-13349","post","type-post","status-publish","format-standard","has-post-thumbnail","hentry","category-pajara","tag-fuerteventura","tag-medio-ambiente"],"jetpack_featured_media_url":"https:\/\/informacionlocal.es\/wp-content\/uploads\/2025\/10\/saladar-jandia.png","_links":{"self":[{"href":"https:\/\/informacionlocal.es\/de\/wp-json\/wp\/v2\/posts\/13349","targetHints":{"allow":["GET"]}}],"collection":[{"href":"https:\/\/informacionlocal.es\/de\/wp-json\/wp\/v2\/posts"}],"about":[{"href":"https:\/\/informacionlocal.es\/de\/wp-json\/wp\/v2\/types\/post"}],"author":[{"embeddable":true,"href":"https:\/\/informacionlocal.es\/de\/wp-json\/wp\/v2\/users\/1"}],"replies":[{"embeddable":true,"href":"https:\/\/informacionlocal.es\/de\/wp-json\/wp\/v2\/comments?post=13349"}],"version-history":[{"count":0,"href":"https:\/\/informacionlocal.es\/de\/wp-json\/wp\/v2\/posts\/13349\/revisions"}],"wp:featuredmedia":[{"embeddable":true,"href":"https:\/\/informacionlocal.es\/de\/wp-json\/wp\/v2\/media\/13351"}],"wp:attachment":[{"href":"https:\/\/informacionlocal.es\/de\/wp-json\/wp\/v2\/media?parent=13349"}],"wp:term":[{"taxonomy":"category","embeddable":true,"href":"https:\/\/informacionlocal.es\/de\/wp-json\/wp\/v2\/categories?post=13349"},{"taxonomy":"post_tag","embeddable":true,"href":"https:\/\/informacionlocal.es\/de\/wp-json\/wp\/v2\/tags?post=13349"}],"curies":[{"name":"wp","href":"https:\/\/api.w.org\/{rel}","templated":true}]}}