{"id":13279,"date":"2025-10-30T19:59:00","date_gmt":"2025-10-30T19:59:00","guid":{"rendered":"https:\/\/informacionlocal.es\/la-oliva-insta-a-la-consejeria-de-educacion-del-gobierno-de-canarias-a-garantizar-la-inclusion-del-alumnado-del-aula-enclave\/"},"modified":"2025-10-30T19:59:00","modified_gmt":"2025-10-30T19:59:00","slug":"la-oliva-insta-a-la-consejeria-de-educacion-del-gobierno-de-canarias-a-garantizar-la-inclusion-del-alumnado-del-aula-enclave","status":"publish","type":"post","link":"https:\/\/informacionlocal.es\/de\/la-oliva-insta-a-la-consejeria-de-educacion-del-gobierno-de-canarias-a-garantizar-la-inclusion-del-alumnado-del-aula-enclave\/","title":{"rendered":"La Oliva insta a la Consejer\u00eda de Educaci\u00f3n del Gobierno de Canarias a garantizar la inclusi\u00f3n del alumnado del Aula Enclave"},"content":{"rendered":"<p>El Ayuntamiento de La Oliva pone sobre la mesa una de las mayores demandas de las familias del alumnado del Aula Enclave del IES La Oliva. As\u00ed pues, el grupo de gobierno municipal insta a la Consejer\u00eda de Educaci\u00f3n, Formaci\u00f3n Profesional, Actividad F\u00edsica y Deportes del Gobierno de Canarias a garantizar la plena inclusi\u00f3n de estos alumnos y alumnas en las actividades escolares y extraescolares con el fin de corregir las limitaciones actuales en su atenci\u00f3n educativa.<\/p>\n<p>Las familias del alumnado del Aula Enclave de este centro educativo as\u00ed lo han hecho saber al grupo municipal en un encuentro entre familias, educadores y alumnado. Entre los problemas m\u00e1s graves a los que se enfrentan los ni\u00f1os y ni\u00f1as es, en primer lugar, la negaci\u00f3n por parte de la empresa Aerom\u00e9dica, responsable del personal de apoyo, de autorizar la asistencia de la auxiliar educativa al viaje escolar a Madrid y a un campamento con el Aula Abierta de Ceuta. Ante esta disyuntiva, la auxiliar se vio obligada a pedir un permiso no retribuido para poder acompa\u00f1ar al alumnado.<\/p>\n<p>Otra de las cuestiones de mayor preocupaci\u00f3n es que, tanto la auxiliar educativa como la adjunta de taller tienen limitadas sus funciones, lo que deriva de forma negativa en el proceso de ense\u00f1anza, aprendizaje y la autonom\u00eda del alumnado.<\/p>\n<p>Por \u00faltimo, las familias denuncian el horario reducido del Aula Enclave. En la actualidad, el alumnado acude de 08:25 a 13:30 horas al aula, impidi\u00e9ndoles integrarse con el resto de sus compa\u00f1eros en la \u00faltima hora lectiva, as\u00ed como a acudir al comedor escolar o usar el transporte junto con el resto de estudiantes.<\/p>\n<p>El alcalde de La Oliva, Isa\u00ed Blanco, manifiesta la necesidad de exponer la problem\u00e1tica y exigir soluciones a los \u00f3rganos competentes: \u201cDesde el grupo de gobierno damos voz a esos padres y madres que nos trasladan la situaci\u00f3n que viven cada d\u00eda sus hijos e hijas. Con esta moci\u00f3n instamos a la acci\u00f3n de la Consejer\u00eda de Educaci\u00f3n de Gobierno de Canarias a equiparar los derechos de estos ni\u00f1os y ni\u00f1as a trav\u00e9s de la revisi\u00f3n de las funciones de la auxiliar educativa y adjunta, as\u00ed como la ampliaci\u00f3n el horario del aula.\u201d <\/p>\n<p>Por su parte, la concejala de Educaci\u00f3n, Omaira Saavedra, explica: \u201cEsta moci\u00f3n surge tras una reuni\u00f3n con las familias, educadores y alumnado del Aula Enclave desarrollada en Los Lajares. En este encuentro nos explicaron las carencias a las que hacen frente generando una discriminaci\u00f3n grave con el resto de compa\u00f1eros. Esperamos que esta moci\u00f3n accione a la Consejer\u00eda a revisar el servicio y conseguir una educaci\u00f3n m\u00e1s inclusiva, equitativa y de calidad para todos y todas.\u201d<\/p>\n","protected":false},"excerpt":{"rendered":"<p><span>El grupo de gobierno municipal exige, durante el pleno de octubre, la inclusi\u00f3n del alumnado en actividades escolares y extraescolares del IES La Oliva<\/span><\/p>\n","protected":false},"author":1,"featured_media":13281,"comment_status":"open","ping_status":"open","sticky":false,"template":"","format":"standard","meta":{"inline_featured_image":false,"jnews-multi-image_gallery":[],"jnews_single_post":[],"jnews_primary_category":[],"jnews_social_meta":[],"jnews_override_counter":[],"jnews_post_split":[],"footnotes":""},"categories":[62],"tags":[73],"class_list":["post-13279","post","type-post","status-publish","format-standard","has-post-thumbnail","hentry","category-la-oliva","tag-educacion"],"jetpack_featured_media_url":"https:\/\/informacionlocal.es\/wp-content\/uploads\/2025\/10\/5268_df38c97c.png","_links":{"self":[{"href":"https:\/\/informacionlocal.es\/de\/wp-json\/wp\/v2\/posts\/13279","targetHints":{"allow":["GET"]}}],"collection":[{"href":"https:\/\/informacionlocal.es\/de\/wp-json\/wp\/v2\/posts"}],"about":[{"href":"https:\/\/informacionlocal.es\/de\/wp-json\/wp\/v2\/types\/post"}],"author":[{"embeddable":true,"href":"https:\/\/informacionlocal.es\/de\/wp-json\/wp\/v2\/users\/1"}],"replies":[{"embeddable":true,"href":"https:\/\/informacionlocal.es\/de\/wp-json\/wp\/v2\/comments?post=13279"}],"version-history":[{"count":0,"href":"https:\/\/informacionlocal.es\/de\/wp-json\/wp\/v2\/posts\/13279\/revisions"}],"wp:featuredmedia":[{"embeddable":true,"href":"https:\/\/informacionlocal.es\/de\/wp-json\/wp\/v2\/media\/13281"}],"wp:attachment":[{"href":"https:\/\/informacionlocal.es\/de\/wp-json\/wp\/v2\/media?parent=13279"}],"wp:term":[{"taxonomy":"category","embeddable":true,"href":"https:\/\/informacionlocal.es\/de\/wp-json\/wp\/v2\/categories?post=13279"},{"taxonomy":"post_tag","embeddable":true,"href":"https:\/\/informacionlocal.es\/de\/wp-json\/wp\/v2\/tags?post=13279"}],"curies":[{"name":"wp","href":"https:\/\/api.w.org\/{rel}","templated":true}]}}