{"id":1327,"date":"2025-04-11T01:16:11","date_gmt":"2025-04-11T01:16:11","guid":{"rendered":"https:\/\/informacionlocal.es\/die-frauen-der-zafra-protagonistinnen-am-stand-von-tuineje\/"},"modified":"2025-04-14T10:04:18","modified_gmt":"2025-04-14T10:04:18","slug":"die-frauen-der-zafra-protagonistinnen-am-stand-von-tuineje","status":"publish","type":"post","link":"https:\/\/informacionlocal.es\/de\/die-frauen-der-zafra-protagonistinnen-am-stand-von-tuineje\/","title":{"rendered":"Die Frauen der Zafra, Protagonistinnen am Stand von Tuineje"},"content":{"rendered":"<div class=\"article-content-inner\">\n<h2 class=\"wp-block-heading\">Acaicate hat im Rahmen der FEAGA eine Vorstellung zu Ehren der Tomatentradition der Gemeinde gegeben.<\/h2>\n<p>Die Stadtverwaltung von Tuineje wollte mit einer Auff\u00fchrung der Kulturgruppe Acaicate, die gestern Nachmittag am Stand der Gemeinde im Rahmen der FEAGA 2025 stattfand, den Frauen, die Teil der landwirtschaftlichen Geschichte der Gemeinde waren, eine wohlverdiente Ehre erweisen, insbesondere denjenigen, die ihr Leben dem Anbau und der Verpackung von Tomaten gewidmet haben.<\/p>\n<p>Die Inszenierung stellte die harten Jahre der Tomatenernte nach, eine T\u00e4tigkeit, die seit Anfang des 20. Jahrhunderts zu einer der wirtschaftlichen S\u00e4ulen des S\u00fcdens von Fuerteventura wurde. Frauen aus verschiedenen Teilen der Insel und sogar von anderen Inseln wie Teneriffa und Gran Canaria kamen nach Gran Tarajal, um bei der Ernte zu arbeiten und ihre Erfahrungen zu teilen, die von Anstrengung, Widerstandskraft und einem tiefen Gef\u00fchl der Schwesternschaft gepr\u00e4gt waren. <\/p>\n<p>Der Stadtrat f\u00fcr den Prim\u00e4ren Sektor, Jonathan Pe\u00f1a, betonte, dass &#8222;wir diese anonymen Frauen w\u00fcrdigen wollten, die mit ihren H\u00e4nden und ihrer Aufopferung die Entwicklung unserer Gemeinde vorangetrieben haben. Ihnen zu gedenken bedeutet auch, den Wert unserer Wurzeln und unserer Arbeit auf dem Lande anzuerkennen, die nach wie vor ein wesentlicher Bestandteil unserer Identit\u00e4t ist&#8220;.<\/p>\n<p>Die B\u00fcrgermeisterin von Tuineje, Candelaria Umpi\u00e9rrez, hob ihrerseits den emotionalen Wert der Veranstaltung und die Bedeutung der Rettung des kollektiven Ged\u00e4chtnisses hervor: &#8222;Diese Frauen waren nicht nur unerm\u00fcdliche Arbeiterinnen, sondern auch S\u00e4ulen der Familien- und Gemeinschaftswirtschaft. Diese Darstellung ist nicht nur ein Tribut, sondern auch ein Akt der Gerechtigkeit gegen\u00fcber unserer Geschichte und denjenigen, die sie erm\u00f6glicht haben.<\/p>\n<\/div>\n","protected":false},"excerpt":{"rendered":"<p>Acaicate hat im Rahmen der FEAGA eine Vorstellung zu Ehren der Tomatentradition der Gemeinde gegeben. Die Stadtverwaltung von Tuineje wollte mit einer Auff\u00fchrung der Kulturgruppe Acaicate, die gestern Nachmittag am [&hellip;]<\/p>\n","protected":false},"author":1,"featured_media":774,"comment_status":"open","ping_status":"open","sticky":false,"template":"","format":"standard","meta":{"inline_featured_image":false,"jnews-multi-image_gallery":[],"jnews_single_post":[],"jnews_primary_category":[],"jnews_social_meta":[],"jnews_override_counter":[],"jnews_post_split":[],"footnotes":""},"categories":[299],"tags":[216,196,217,237],"class_list":["post-1327","post","type-post","status-publish","format-standard","has-post-thumbnail","hentry","category-tuineje-de","tag-fuerteventura-de","tag-gemeinden","tag-kultur-und-freizeit","tag-veranstaltungen"],"jetpack_featured_media_url":"https:\/\/informacionlocal.es\/wp-content\/uploads\/2025\/04\/img_0163-scaled-1.jpg","_links":{"self":[{"href":"https:\/\/informacionlocal.es\/de\/wp-json\/wp\/v2\/posts\/1327","targetHints":{"allow":["GET"]}}],"collection":[{"href":"https:\/\/informacionlocal.es\/de\/wp-json\/wp\/v2\/posts"}],"about":[{"href":"https:\/\/informacionlocal.es\/de\/wp-json\/wp\/v2\/types\/post"}],"author":[{"embeddable":true,"href":"https:\/\/informacionlocal.es\/de\/wp-json\/wp\/v2\/users\/1"}],"replies":[{"embeddable":true,"href":"https:\/\/informacionlocal.es\/de\/wp-json\/wp\/v2\/comments?post=1327"}],"version-history":[{"count":1,"href":"https:\/\/informacionlocal.es\/de\/wp-json\/wp\/v2\/posts\/1327\/revisions"}],"predecessor-version":[{"id":1700,"href":"https:\/\/informacionlocal.es\/de\/wp-json\/wp\/v2\/posts\/1327\/revisions\/1700"}],"wp:featuredmedia":[{"embeddable":true,"href":"https:\/\/informacionlocal.es\/de\/wp-json\/wp\/v2\/media\/774"}],"wp:attachment":[{"href":"https:\/\/informacionlocal.es\/de\/wp-json\/wp\/v2\/media?parent=1327"}],"wp:term":[{"taxonomy":"category","embeddable":true,"href":"https:\/\/informacionlocal.es\/de\/wp-json\/wp\/v2\/categories?post=1327"},{"taxonomy":"post_tag","embeddable":true,"href":"https:\/\/informacionlocal.es\/de\/wp-json\/wp\/v2\/tags?post=1327"}],"curies":[{"name":"wp","href":"https:\/\/api.w.org\/{rel}","templated":true}]}}