{"id":13255,"date":"2025-10-30T15:58:21","date_gmt":"2025-10-30T15:58:21","guid":{"rendered":"https:\/\/informacionlocal.es\/la-pelicula-playa-de-lobos-rodada-integramente-en-fuerteventura-estrena-su-trailer\/"},"modified":"2025-10-30T15:58:21","modified_gmt":"2025-10-30T15:58:21","slug":"la-pelicula-playa-de-lobos-rodada-integramente-en-fuerteventura-estrena-su-trailer","status":"publish","type":"post","link":"https:\/\/informacionlocal.es\/de\/la-pelicula-playa-de-lobos-rodada-integramente-en-fuerteventura-estrena-su-trailer\/","title":{"rendered":"La pel\u00edcula Playa de Lobos, rodada \u00edntegramente en Fuerteventura, estrena su trailer"},"content":{"rendered":"<div class=\"entry-content\"><strong>30 octubre, 2025<\/strong><\/p>\n<p><em><strong>El largometraje de Javier Veiga se estrenar\u00e1 en cines el pr\u00f3ximo 5 de diciembre<\/strong><\/em><\/p>\n<p>La pel\u00edcula\u00a0<em>Playa de Lobos<\/em>\u00a0ha estrenado su trailer oficial, que puede verse enhttps:\/\/www.facebook.com\/share\/v\/17f5TTySoJ\/ El largometraje rodado \u00edntegramente en Fuerteventura durante el a\u00f1o 2024, llegar\u00e1 a los cines el pr\u00f3ximo 5 de diciembre, a nivel nacional, llevando un pedacito de Fuerteventura a la gran pantalla. <\/p>\n<p><em>Playa de Lobos\u00a0<\/em>es una comedia dirigida por Javier Veiga, con Dani Rovira, Marta Hazas, Antonio San Juan y el propio Veiga conformando el reparto. La pel\u00edcula se rod\u00f3 en los municipios de Antigua, P\u00e1jara, Puerto del Rosario, La Oliva y Betancuria. Un rodaje de cinco semanas que cont\u00f3 con 280 figurantes, procedentes de un casting realizado en la Isla y que dejar\u00e1 alrededor de un mill\u00f3n de euros de inversi\u00f3n en el territorio insular.<\/p>\n<p>El film tiene como escenario principal la Playa de la Guirra en Caleta de Fuste (Antigua), y se rod\u00f3, adem\u00e1s, en otros enclaves como a carretera de las Dunas de Corralejo y Puerto de Corralejo (La Oliva), la localidad de Betancuria, as\u00ed como en zonas privadas de Tef\u00eda y Costa Calma.<\/p>\n<p>La producci\u00f3n cont\u00f3 con asesoramiento y gesti\u00f3n de Fuerteventura Film Commission, \u201csiendo los rodajes una gran oportunidad para la diversificaci\u00f3n de la econom\u00eda local, dejando inversi\u00f3n y empleo en Fuerteventura\u201d, se\u00f1ala la consejera del \u00e1rea, Nereida Calero.<\/p>\n<p>Por este motivo, \u201ces importante seguir fomentando el desarrollo de la industria audiovisual en nuestra isla, siempre de manera compatible con el respeto hacia el territorio y el paisaje\u201d.<\/p>\n<p><em>Playa de Lobos<\/em>\u00a0est\u00e1 producida por Mediolim\u00f3n, Zebra (Grupo IZEN) y Epos Cine, con el apoyo de RTVE y la colaboraci\u00f3n de Pampa Films. Ser\u00e1 distribuida en Espa\u00f1a por Tripictures. Marta Hazas y Sara Fern\u00e1ndez-Velasco, productoras ejecutivas de la pel\u00edcula.<\/p>\n<p>La pel\u00edcula cuenta la historia de dos tipos totalmente opuestos que coinciden al atardecer en un chiringuito de playa frente al Islote de Lobos. Manuel y Klaus, un andaluz y un argentino, que se parecen lo mismo que una tasquita malague\u00f1a a una parrilla de la Patagonia. Manuel trabaja en el chiringuito y Klaus es un turista que no quiere levantarse de la hamaca.\u00a0 As\u00ed arranca, aparentemente, el absurdo conflicto de los dos protagonistas de esta historia: uno quiere terminar su trabajo y marcharse a su casa a dormir, y el otro quiere que le pongan la \u00faltima cerveza y quedarse tumbado mirando la luna.<\/p>\n<\/div>\n","protected":false},"excerpt":{"rendered":"<p>30 octubre, 2025 El largometraje de Javier Veiga se estrenar\u00e1 en cines el pr\u00f3ximo 5 de diciembre La pel\u00edcula\u00a0Playa de Lobos\u00a0ha estrenado su trailer oficial, que puede verse enhttps:\/\/www.facebook.com\/share\/v\/17f5TTySoJ\/ El [&hellip;]<\/p>\n","protected":false},"author":1,"featured_media":13257,"comment_status":"open","ping_status":"open","sticky":false,"template":"","format":"standard","meta":{"inline_featured_image":false,"jnews-multi-image_gallery":[],"jnews_single_post":[],"jnews_primary_category":[],"jnews_social_meta":[],"jnews_override_counter":[],"jnews_post_split":[],"footnotes":""},"categories":[58],"tags":[334,82],"class_list":["post-13255","post","type-post","status-publish","format-standard","has-post-thumbnail","hentry","category-cabildo","tag-economia","tag-fuerteventura"],"jetpack_featured_media_url":"https:\/\/informacionlocal.es\/wp-content\/uploads\/2025\/10\/xcdvcdv.jpeg","_links":{"self":[{"href":"https:\/\/informacionlocal.es\/de\/wp-json\/wp\/v2\/posts\/13255","targetHints":{"allow":["GET"]}}],"collection":[{"href":"https:\/\/informacionlocal.es\/de\/wp-json\/wp\/v2\/posts"}],"about":[{"href":"https:\/\/informacionlocal.es\/de\/wp-json\/wp\/v2\/types\/post"}],"author":[{"embeddable":true,"href":"https:\/\/informacionlocal.es\/de\/wp-json\/wp\/v2\/users\/1"}],"replies":[{"embeddable":true,"href":"https:\/\/informacionlocal.es\/de\/wp-json\/wp\/v2\/comments?post=13255"}],"version-history":[{"count":0,"href":"https:\/\/informacionlocal.es\/de\/wp-json\/wp\/v2\/posts\/13255\/revisions"}],"wp:featuredmedia":[{"embeddable":true,"href":"https:\/\/informacionlocal.es\/de\/wp-json\/wp\/v2\/media\/13257"}],"wp:attachment":[{"href":"https:\/\/informacionlocal.es\/de\/wp-json\/wp\/v2\/media?parent=13255"}],"wp:term":[{"taxonomy":"category","embeddable":true,"href":"https:\/\/informacionlocal.es\/de\/wp-json\/wp\/v2\/categories?post=13255"},{"taxonomy":"post_tag","embeddable":true,"href":"https:\/\/informacionlocal.es\/de\/wp-json\/wp\/v2\/tags?post=13255"}],"curies":[{"name":"wp","href":"https:\/\/api.w.org\/{rel}","templated":true}]}}