{"id":1323,"date":"2025-04-14T07:51:11","date_gmt":"2025-04-14T07:51:11","guid":{"rendered":"https:\/\/informacionlocal.es\/antigua-hat-sich-stets-fuer-die-ueberlassung-von-land-fuer-ein-gesundheitszentrum-und-nicht-fuer-eine-medizinische-klinik-in-caleta-de-fuste-eingesetzt\/"},"modified":"2025-04-14T09:45:30","modified_gmt":"2025-04-14T09:45:30","slug":"antigua-hat-sich-stets-fuer-die-ueberlassung-von-land-fuer-ein-gesundheitszentrum-und-nicht-fuer-eine-medizinische-klinik-in-caleta-de-fuste-eingesetzt","status":"publish","type":"post","link":"https:\/\/informacionlocal.es\/de\/antigua-hat-sich-stets-fuer-die-ueberlassung-von-land-fuer-ein-gesundheitszentrum-und-nicht-fuer-eine-medizinische-klinik-in-caleta-de-fuste-eingesetzt\/","title":{"rendered":"Antigua hat sich stets f\u00fcr die \u00dcberlassung von Land f\u00fcr ein Gesundheitszentrum und nicht f\u00fcr eine medizinische Klinik in Caleta de Fuste eingesetzt."},"content":{"rendered":"<div class=\"elementor-widget-container\">\n<p><strong>Antigua hat sich stets f\u00fcr die \u00dcberlassung von Land f\u00fcr ein Gesundheitszentrum und nicht f\u00fcr eine medizinische Klinik in Caleta de Fuste eingesetzt.<\/strong><\/p>\n<p><strong>Der Stadtrat von Antigua h\u00e4lt an seiner Forderung nach einem Gesundheitszentrum in Caleta de Fuste fest und fordert das Gesundheitsministerium auf, an seinem urspr\u00fcnglichen Ziel festzuhalten.<\/strong><br \/>\n<strong>Das regionale Gesundheitsministerium \u00e4ndert die Klassifizierung des Gesundheitszentrums in Consultorio, ein Projekt, das den Bedarf der Bev\u00f6lkerung nicht decken kann.<\/strong><br \/>\n<strong>Beide Verwaltungen haben stets auf das gemeinsame Ziel eines Gesundheitszentrums in Caleta de Fuste hingearbeitet.<\/strong><\/p>\n<p>Wir sind dem regionalen Gesundheitsministerium dankbar, dass es das vom Rathaus von Antigua abgetretene Grundst\u00fcck akzeptiert hat, wir sind dankbar f\u00fcr jeden Fortschritt in der Gesundheitsversorgung in der Gemeinde, sagt B\u00fcrgermeister Mat\u00edas Pe\u00f1a Garc\u00eda, aber wir w\u00e4ren noch dankbarer, wenn diese Fortschritte dem anf\u00e4nglichen Engagement und der aktuellen Nachfrage entspr\u00e4chen und einer wachsenden Bev\u00f6lkerung gerecht w\u00fcrden, wenn man bedenkt, dass allein in Antigua mehr als 14.000 Menschen registriert sind.<\/p>\n<p>Seit der Stadtrat von Antigua im Jahr 2020 beim regionalen Gesundheitsministerium einen neuen Antrag f\u00fcr ein Gesundheitszentrum in Caleta de Fuste gestellt hat, wurden verschiedene Grundst\u00fccke vorgeschlagen, immer mit dem gemeinsamen Ziel, ein Gesundheitszentrum zu bauen. Jetzt hat man endlich das neue vorgeschlagene Grundst\u00fcck akzeptiert und darauf hingewiesen, dass es f\u00fcr eine medizinische Klinik und nicht f\u00fcr ein Gesundheitszentrum bestimmt ist, f\u00fcr das wir uns von Anfang an eingesetzt haben.<\/p>\n<p>Wir begr\u00fc\u00dfen jeden Fortschritt in der Gesundheitsversorgung, aber sie erf\u00fcllen weder ihre Verpflichtung, die Klinik von Antigua als Gesundheitszentrum mit st\u00e4ndigem Notdienst zu qualifizieren und auszustatten, noch gehen sie auf den Bedarf an Gesundheitsversorgung in der Gemeinde ein, indem sie das Ziel des Baus eines Gesundheitszentrums durch eine weitere Klinik in Caleta de Fuste ersetzen. Der Stadtrat von Antigua h\u00e4lt an seiner Forderung nach einem Gesundheitszentrum in Caleta de Fuste fest und fordert das Gesundheitsministerium auf, an dem urspr\u00fcnglichen Ziel festzuhalten. <\/p>\n<\/div>\n","protected":false},"excerpt":{"rendered":"<p><strong>Antigua hat sich stets f\u00fcr die \u00dcberlassung von Land f\u00fcr ein Gesundheitszentrum und nicht f\u00fcr eine medizinische Klinik in Caleta de Fuste eingesetzt.<\/strong><\/p>\n","protected":false},"author":1,"featured_media":1420,"comment_status":"open","ping_status":"open","sticky":false,"template":"","format":"standard","meta":{"inline_featured_image":false,"jnews-multi-image_gallery":[],"jnews_single_post":[],"jnews_primary_category":[],"jnews_social_meta":[],"jnews_override_counter":[],"jnews_post_split":[],"footnotes":""},"categories":[283],"tags":[277],"class_list":["post-1323","post","type-post","status-publish","format-standard","has-post-thumbnail","hentry","category-antigua-de","tag-gesundheit"],"jetpack_featured_media_url":"https:\/\/informacionlocal.es\/wp-content\/uploads\/2025\/04\/Antigua-siempre-ha-solicitado-un-centro-de-salud-y-no-un-consultorio-en-Caleta-de-Fuste-scaled-1.jpg","_links":{"self":[{"href":"https:\/\/informacionlocal.es\/de\/wp-json\/wp\/v2\/posts\/1323","targetHints":{"allow":["GET"]}}],"collection":[{"href":"https:\/\/informacionlocal.es\/de\/wp-json\/wp\/v2\/posts"}],"about":[{"href":"https:\/\/informacionlocal.es\/de\/wp-json\/wp\/v2\/types\/post"}],"author":[{"embeddable":true,"href":"https:\/\/informacionlocal.es\/de\/wp-json\/wp\/v2\/users\/1"}],"replies":[{"embeddable":true,"href":"https:\/\/informacionlocal.es\/de\/wp-json\/wp\/v2\/comments?post=1323"}],"version-history":[{"count":1,"href":"https:\/\/informacionlocal.es\/de\/wp-json\/wp\/v2\/posts\/1323\/revisions"}],"predecessor-version":[{"id":1427,"href":"https:\/\/informacionlocal.es\/de\/wp-json\/wp\/v2\/posts\/1323\/revisions\/1427"}],"wp:featuredmedia":[{"embeddable":true,"href":"https:\/\/informacionlocal.es\/de\/wp-json\/wp\/v2\/media\/1420"}],"wp:attachment":[{"href":"https:\/\/informacionlocal.es\/de\/wp-json\/wp\/v2\/media?parent=1323"}],"wp:term":[{"taxonomy":"category","embeddable":true,"href":"https:\/\/informacionlocal.es\/de\/wp-json\/wp\/v2\/categories?post=1323"},{"taxonomy":"post_tag","embeddable":true,"href":"https:\/\/informacionlocal.es\/de\/wp-json\/wp\/v2\/tags?post=1323"}],"curies":[{"name":"wp","href":"https:\/\/api.w.org\/{rel}","templated":true}]}}