{"id":13179,"date":"2025-10-29T15:58:21","date_gmt":"2025-10-29T15:58:21","guid":{"rendered":"https:\/\/informacionlocal.es\/adrian-tejero-estrena-su-nuevo-cortometraje-en-el-marco-del-festival-de-fuerteventura-film-commission\/"},"modified":"2025-10-29T15:58:21","modified_gmt":"2025-10-29T15:58:21","slug":"adrian-tejero-estrena-su-nuevo-cortometraje-en-el-marco-del-festival-de-fuerteventura-film-commission","status":"publish","type":"post","link":"https:\/\/informacionlocal.es\/de\/adrian-tejero-estrena-su-nuevo-cortometraje-en-el-marco-del-festival-de-fuerteventura-film-commission\/","title":{"rendered":"\ufeffAdri\u00e1n Tejero estrena su nuevo cortometraje, en el marco del Festival de Fuerteventura Film Commission"},"content":{"rendered":"<div class=\"entry-content\"><strong>29 octubre, 2025<\/strong><\/p>\n<p><strong>Adri\u00e1n Tejero estrena su nuevo cortometraje, en el marco del Festival de Fuerteventura Film Commission<\/strong><\/p>\n<p><strong><em>Las personas interesadas en participar en el festival, pueden presentar sus trabajos hasta el 14 de noviembre<\/em><\/strong><\/p>\n<p>El cineasta majorero Adri\u00e1n Tejero ha estrenado su nuevo cortometraje,\u00a0<em>La promesa desnuda<\/em>, elaborado en el marco del Festival de Cortometrajes de Fuerteventura Film Commission, con la intenci\u00f3n de animar a todas las personas interesadas a participar.<\/p>\n<p>Como coordinador del festival, Adri\u00e1n Tejero ha creado una obra que combina emoci\u00f3n, sencillez t\u00e9cnica y un profundo mensaje sobre la fe y la palabra dada. El cortometraje puede verse ya en el enlace:\u00a0https:\/\/www.youtube.com\/watch?v=Vdx1iZt2RCI<\/p>\n<p>Ambientada en la Fuerteventura de anta\u00f1o, la historia narra la promesa de un hombre a la Virgen de la Pe\u00f1a: caminar descalzo hasta visitarla si su esposa enferma se cura.\u00a0 Cuando el milagro ocurre, el protagonista se enfrenta al dolor de cumplir su palabra en soledad.<\/p>\n<p>El corto fue rodado en solo dos d\u00edas, utilizando \u00fanicamente un tel\u00e9fono m\u00f3vil. Tejero anima as\u00ed a a participar, demostrando que no hacen falta grandes medios para contar una buena historia, alentando a quienes a\u00fan no han participado a presentar sus obras en el festival.<\/p>\n<p>Adem\u00e1s, el cortometraje ofrece un enfoque creativo y mirada diferente dentro de la tem\u00e1tica de la Virgen de la Pe\u00f1a, en la que se basa esta edici\u00f3n del festival, para recordar que es posible abordar el eje tem\u00e1tico del certamen desde distintas miradas y enfoques creativos.<\/p>\n<p><strong>Festival de cortometrajes FFC<\/strong><\/p>\n<p>El pasado mes de septiembre, Fuerteventura Film Commission puso en marcha su Festival de Cortometrajes, en colaboraci\u00f3n con el cineasta majorero Adri\u00e1n Tejero y su productora \u00c1rida Films.<\/p>\n<p>En esta primera edici\u00f3n, deben estar inspirados en la tem\u00e1tica de Nuestra Se\u00f1ora de La Pe\u00f1a, desde cualquier formato: ficci\u00f3n, experimental, animaci\u00f3n o videocreaci\u00f3n, sin importar el g\u00e9nero (comedia, acci\u00f3n, terror\u2026). El plazo para participar se encuentra a\u00fan abierto. Las personas interesadas pueden enviar sus trabajos hasta el 14 de noviembre de 2025, a trav\u00e9s del formulario disponible en la web\u00a0www.aridafilms.com\/festival\u00a0o mediante correo electr\u00f3nico a\u00a0festival@aridafilms.com.<\/p>\n<\/div>\n","protected":false},"excerpt":{"rendered":"<p>29 octubre, 2025 Adri\u00e1n Tejero estrena su nuevo cortometraje, en el marco del Festival de Fuerteventura Film Commission Las personas interesadas en participar en el festival, pueden presentar sus trabajos [&hellip;]<\/p>\n","protected":false},"author":1,"featured_media":13181,"comment_status":"open","ping_status":"open","sticky":false,"template":"","format":"standard","meta":{"inline_featured_image":false,"jnews-multi-image_gallery":[],"jnews_single_post":[],"jnews_primary_category":[],"jnews_social_meta":[],"jnews_override_counter":[],"jnews_post_split":[],"footnotes":""},"categories":[58],"tags":[82],"class_list":["post-13179","post","type-post","status-publish","format-standard","has-post-thumbnail","hentry","category-cabildo","tag-fuerteventura"],"jetpack_featured_media_url":"https:\/\/informacionlocal.es\/wp-content\/uploads\/2025\/10\/eeee.jpeg","_links":{"self":[{"href":"https:\/\/informacionlocal.es\/de\/wp-json\/wp\/v2\/posts\/13179","targetHints":{"allow":["GET"]}}],"collection":[{"href":"https:\/\/informacionlocal.es\/de\/wp-json\/wp\/v2\/posts"}],"about":[{"href":"https:\/\/informacionlocal.es\/de\/wp-json\/wp\/v2\/types\/post"}],"author":[{"embeddable":true,"href":"https:\/\/informacionlocal.es\/de\/wp-json\/wp\/v2\/users\/1"}],"replies":[{"embeddable":true,"href":"https:\/\/informacionlocal.es\/de\/wp-json\/wp\/v2\/comments?post=13179"}],"version-history":[{"count":0,"href":"https:\/\/informacionlocal.es\/de\/wp-json\/wp\/v2\/posts\/13179\/revisions"}],"wp:featuredmedia":[{"embeddable":true,"href":"https:\/\/informacionlocal.es\/de\/wp-json\/wp\/v2\/media\/13181"}],"wp:attachment":[{"href":"https:\/\/informacionlocal.es\/de\/wp-json\/wp\/v2\/media?parent=13179"}],"wp:term":[{"taxonomy":"category","embeddable":true,"href":"https:\/\/informacionlocal.es\/de\/wp-json\/wp\/v2\/categories?post=13179"},{"taxonomy":"post_tag","embeddable":true,"href":"https:\/\/informacionlocal.es\/de\/wp-json\/wp\/v2\/tags?post=13179"}],"curies":[{"name":"wp","href":"https:\/\/api.w.org\/{rel}","templated":true}]}}