{"id":13173,"date":"2025-10-29T14:58:24","date_gmt":"2025-10-29T14:58:24","guid":{"rendered":"https:\/\/informacionlocal.es\/el-cabildo-de-fuerteventura-ejecuta-labores-de-mejora-en-la-estacion-biologica-de-la-oliva\/"},"modified":"2025-10-29T14:58:24","modified_gmt":"2025-10-29T14:58:24","slug":"el-cabildo-de-fuerteventura-ejecuta-labores-de-mejora-en-la-estacion-biologica-de-la-oliva","status":"publish","type":"post","link":"https:\/\/informacionlocal.es\/de\/el-cabildo-de-fuerteventura-ejecuta-labores-de-mejora-en-la-estacion-biologica-de-la-oliva\/","title":{"rendered":"\ufeffEl Cabildo de Fuerteventura ejecuta labores de mejora en la Estaci\u00f3n Biol\u00f3gica de La Oliva"},"content":{"rendered":"<div class=\"entry-content\"><strong>29 octubre, 2025<\/strong><\/p>\n<p><strong><em>Se act\u00faa en accesibilidad, zonas de sombra y otras infraestructuras que potenciar\u00e1n la educaci\u00f3n ambiental<\/em><\/strong><\/p>\n<p>El Cabildo de Fuerteventura, a trav\u00e9s del \u00c1rea de Medio Ambiente, lleva a cabo diversas actuaciones de mejora en la Estaci\u00f3n Biol\u00f3gica de La Oliva, con el objetivo de optimizar sus instalaciones.<\/p>\n<p>Los trabajos en marcha incluyen mejoras en la accesibilidad, la creaci\u00f3n de nuevas zonas de sombra y la puesta a punto de las infraestructuras principales del recinto.<\/p>\n<p>Adem\u00e1s, se\u00a0tiene previsto incorporar\u00a0un sistema de c\u00f3digos QR en los jardines de la Estaci\u00f3n Biol\u00f3gica, que\u00a0permitir\u00e1\u00a0a los visitantes obtener informaci\u00f3n detallada sobre las distintas especies vegetales\u00a0que alberga este espacio, facilitando as\u00ed una experiencia m\u00e1s interactiva y educativa.\u00a0Estas acciones permitir\u00e1n preparar el espacio para las visitas que se lleven a cabo con car\u00e1cter educativo.<\/p>\n<p>Por otro lado, el Cabildo informa que\u00a0se han iniciado las obras del nuevo invernadero,\u00a0una actuaci\u00f3n dependiente del Gobierno de Canarias, que permitir\u00e1 seguir ampliando las capacidades de conservaci\u00f3n y estudio de flora aut\u00f3ctona y end\u00e9mica de Fuerteventura.<\/p>\n<p>El consejero Carlos Rodr\u00edguez detalla que \u201ccon estas obras queremos que la Estaci\u00f3n Biol\u00f3gica vuelva a ser un punto de encuentro entre la naturaleza y las personas. Estas mejoras permitir\u00e1n disfrutar del espacio de forma c\u00f3moda, segura y educativa\u201d.<\/p>\n<p>Estas actuaciones forman parte del compromiso del Cabildo por conservar y poner en valor los recursos naturales de la Isla, promoviendo la educaci\u00f3n ambiental y el conocimiento del entorno.<\/p>\n<\/div>\n","protected":false},"excerpt":{"rendered":"<p>29 octubre, 2025 Se act\u00faa en accesibilidad, zonas de sombra y otras infraestructuras que potenciar\u00e1n la educaci\u00f3n ambiental El Cabildo de Fuerteventura, a trav\u00e9s del \u00c1rea de Medio Ambiente, lleva [&hellip;]<\/p>\n","protected":false},"author":1,"featured_media":13175,"comment_status":"open","ping_status":"open","sticky":false,"template":"","format":"standard","meta":{"inline_featured_image":false,"jnews-multi-image_gallery":[],"jnews_single_post":[],"jnews_primary_category":[],"jnews_social_meta":[],"jnews_override_counter":[],"jnews_post_split":[],"footnotes":""},"categories":[58],"tags":[73,82,76],"class_list":["post-13173","post","type-post","status-publish","format-standard","has-post-thumbnail","hentry","category-cabildo","tag-educacion","tag-fuerteventura","tag-medio-ambiente"],"jetpack_featured_media_url":"https:\/\/informacionlocal.es\/wp-content\/uploads\/2025\/10\/sie.jpeg","_links":{"self":[{"href":"https:\/\/informacionlocal.es\/de\/wp-json\/wp\/v2\/posts\/13173","targetHints":{"allow":["GET"]}}],"collection":[{"href":"https:\/\/informacionlocal.es\/de\/wp-json\/wp\/v2\/posts"}],"about":[{"href":"https:\/\/informacionlocal.es\/de\/wp-json\/wp\/v2\/types\/post"}],"author":[{"embeddable":true,"href":"https:\/\/informacionlocal.es\/de\/wp-json\/wp\/v2\/users\/1"}],"replies":[{"embeddable":true,"href":"https:\/\/informacionlocal.es\/de\/wp-json\/wp\/v2\/comments?post=13173"}],"version-history":[{"count":0,"href":"https:\/\/informacionlocal.es\/de\/wp-json\/wp\/v2\/posts\/13173\/revisions"}],"wp:featuredmedia":[{"embeddable":true,"href":"https:\/\/informacionlocal.es\/de\/wp-json\/wp\/v2\/media\/13175"}],"wp:attachment":[{"href":"https:\/\/informacionlocal.es\/de\/wp-json\/wp\/v2\/media?parent=13173"}],"wp:term":[{"taxonomy":"category","embeddable":true,"href":"https:\/\/informacionlocal.es\/de\/wp-json\/wp\/v2\/categories?post=13173"},{"taxonomy":"post_tag","embeddable":true,"href":"https:\/\/informacionlocal.es\/de\/wp-json\/wp\/v2\/tags?post=13173"}],"curies":[{"name":"wp","href":"https:\/\/api.w.org\/{rel}","templated":true}]}}